{"id":3567,"date":"2018-01-09T11:45:00","date_gmt":"2018-01-09T13:45:00","guid":{"rendered":"http:\/\/blogdoedvaldomagalhaes.com.br\/index.php\/2018\/01\/09\/morre-empreiteiro-anacleto-andrade\/"},"modified":"2019-02-09T01:58:20","modified_gmt":"2019-02-09T03:58:20","slug":"morre-empreiteiro-anacleto-andrade","status":"publish","type":"post","link":"https:\/\/blogdoedvaldomagalhaes.com.br\/index.php\/2018\/01\/09\/morre-empreiteiro-anacleto-andrade\/","title":{"rendered":"Morre empreiteiro Anacleto Andrade"},"content":{"rendered":"<div class=\"separator\" style=\"clear: both; text-align: center;\">\n<a href=\"https:\/\/1.bp.blogspot.com\/-Y62cZyf2gwU\/WlSeg7rbDEI\/AAAAAAAAn48\/tFvdeUkl9AAoMmEPeAzTo6jzQ1QQC6xbgCLcBGAs\/s1600\/anacleto.jpg\" imageanchor=\"1\" style=\"margin-left: 1em; margin-right: 1em;\"><img loading=\"lazy\" decoding=\"async\" border=\"0\" data-original-height=\"720\" data-original-width=\"720\" height=\"400\" src=\"http:\/\/blogdoedvaldomagalhaes.com.br\/wp-content\/uploads\/2018\/01\/anacleto.jpg\" width=\"400\" \/><\/a><\/div>\n<div class=\"separator\" style=\"clear: both; text-align: center;\">\n<\/div>\n<div class=\"separator\" style=\"clear: both; text-align: justify;\">\nFaleceu nesta ter\u00e7a-feira (09), no Hospital da Restaura\u00e7\u00e3o, em Recife, Anacleto Andrade, v\u00edtima de um derrame cerebral (AVC) hemorr\u00e1gico. Ele era propriet\u00e1rio da empresa Andrade Santos, que prestava servi\u00e7os para a prefeitura de Caruaru, fazendo manuten\u00e7\u00f5es de cal\u00e7amento, saneamento e pra\u00e7as, e residia no bairro S\u00e3o Jo\u00e3o da Esc\u00f3cia.&nbsp;<\/div>\n<div class=\"separator\" style=\"clear: both; text-align: justify;\">\n<\/div>\n<div class=\"separator\" style=\"clear: both; text-align: justify;\">\nAnacleto Andrade deu entrada na Policl\u00ednica do Salgado no \u00faltimo s\u00e1bado (06), foi levado para o Hospital Mestre Vitalino logo em seguida, e transferido no domingo (07) para o Hospital da Restaura\u00e7\u00e3o,em Recife, onde faleceu.<\/div>\n<div class=\"separator\" style=\"clear: both; text-align: justify;\">\n<\/div>\n<div class=\"separator\" style=\"clear: both; text-align: justify;\">\nO sepultamento ocorre \u00e0s 16h desta quarta-feira (10), no Cemit\u00e9rio Parque dos Arcos.<\/div>\n<p><\/p>\n","protected":false},"excerpt":{"rendered":"<p>Faleceu nesta ter\u00e7a-feira (09), no Hospital da Restaura\u00e7\u00e3o, em Recife, Anacleto Andrade, v\u00edtima de um derrame cerebral (AVC) hemorr\u00e1gico. Ele&hellip;<\/p>\n","protected":false},"author":1,"featured_media":0,"comment_status":"open","ping_status":"open","sticky":false,"template":"","format":"standard","meta":{"footnotes":""},"categories":[1],"tags":[2,3982,4148,6],"class_list":["post-3567","post","type-post","status-publish","format-standard","hentry","category-sem-categoria","tag-blog-do-edvaldo-magalhaes","tag-hospital-da-restauracao","tag-morre-empreiteiro-anacleto-andrade","tag-noticias"],"_links":{"self":[{"href":"https:\/\/blogdoedvaldomagalhaes.com.br\/index.php\/wp-json\/wp\/v2\/posts\/3567","targetHints":{"allow":["GET"]}}],"collection":[{"href":"https:\/\/blogdoedvaldomagalhaes.com.br\/index.php\/wp-json\/wp\/v2\/posts"}],"about":[{"href":"https:\/\/blogdoedvaldomagalhaes.com.br\/index.php\/wp-json\/wp\/v2\/types\/post"}],"author":[{"embeddable":true,"href":"https:\/\/blogdoedvaldomagalhaes.com.br\/index.php\/wp-json\/wp\/v2\/users\/1"}],"replies":[{"embeddable":true,"href":"https:\/\/blogdoedvaldomagalhaes.com.br\/index.php\/wp-json\/wp\/v2\/comments?post=3567"}],"version-history":[{"count":1,"href":"https:\/\/blogdoedvaldomagalhaes.com.br\/index.php\/wp-json\/wp\/v2\/posts\/3567\/revisions"}],"predecessor-version":[{"id":27607,"href":"https:\/\/blogdoedvaldomagalhaes.com.br\/index.php\/wp-json\/wp\/v2\/posts\/3567\/revisions\/27607"}],"wp:attachment":[{"href":"https:\/\/blogdoedvaldomagalhaes.com.br\/index.php\/wp-json\/wp\/v2\/media?parent=3567"}],"wp:term":[{"taxonomy":"category","embeddable":true,"href":"https:\/\/blogdoedvaldomagalhaes.com.br\/index.php\/wp-json\/wp\/v2\/categories?post=3567"},{"taxonomy":"post_tag","embeddable":true,"href":"https:\/\/blogdoedvaldomagalhaes.com.br\/index.php\/wp-json\/wp\/v2\/tags?post=3567"}],"curies":[{"name":"wp","href":"https:\/\/api.w.org\/{rel}","templated":true}]}}