{"id":3530,"date":"2018-01-13T09:14:00","date_gmt":"2018-01-13T11:14:00","guid":{"rendered":"http:\/\/blogdoedvaldomagalhaes.com.br\/index.php\/2018\/01\/13\/sepultamento-de-jotta-lagos-ocorre\/"},"modified":"2019-02-09T01:58:46","modified_gmt":"2019-02-09T03:58:46","slug":"sepultamento-de-jotta-lagos-ocorre","status":"publish","type":"post","link":"https:\/\/blogdoedvaldomagalhaes.com.br\/index.php\/2018\/01\/13\/sepultamento-de-jotta-lagos-ocorre\/","title":{"rendered":"Sepultamento de Jotta Lagos ocorre neste s\u00e1bado (13)"},"content":{"rendered":"<div class=\"separator\" style=\"clear: both; text-align: center;\">\n<a href=\"https:\/\/1.bp.blogspot.com\/-aByDWk2lDkU\/WlnMtcW1TZI\/AAAAAAAAoJ4\/UltVT8LDXZYW0C1pqOUAV9gUZTKQgh1nACLcBGAs\/s1600\/IMG-20180113-WA0008.jpg\" imageanchor=\"1\" style=\"margin-left: 1em; margin-right: 1em;\"><img loading=\"lazy\" decoding=\"async\" border=\"0\" data-original-height=\"1280\" data-original-width=\"960\" height=\"400\" src=\"http:\/\/blogdoedvaldomagalhaes.com.br\/wp-content\/uploads\/2018\/01\/IMG-20180113-WA0008.jpg\" width=\"300\" \/>&nbsp;<\/a><\/div>\n<div class=\"separator\" style=\"clear: both; text-align: justify;\">\n<\/div>\n<div class=\"separator\" style=\"clear: both; text-align: justify;\">\nO corpo do colunista social Jotta Lagos ocorre neste momento na sala 2 do Cemit\u00e9rio Parque dos Arcos, \u00e0s margens da PE-95, em Caruaru. O sepultamento ocorre \u00e0s 16h deste s\u00e1bado (13).<\/div>\n<div class=\"separator\" style=\"clear: both; text-align: justify;\">\n<\/div>\n<div class=\"separator\" style=\"clear: both; text-align: center;\">\n<a href=\"https:\/\/1.bp.blogspot.com\/-gz1-Rl_53nU\/WlnaWQqE6vI\/AAAAAAAAoKg\/RGpIdhbJHnUj1sWshdJMwOgoktFldrgOwCLcBGAs\/s1600\/20180113_070510.jpg\" imageanchor=\"1\" style=\"margin-left: 1em; margin-right: 1em;\"><img loading=\"lazy\" decoding=\"async\" border=\"0\" data-original-height=\"900\" data-original-width=\"1600\" height=\"225\" src=\"http:\/\/blogdoedvaldomagalhaes.com.br\/wp-content\/uploads\/2018\/01\/20180113_070510.jpg\" width=\"400\" \/><\/a><\/div>\n<div class=\"separator\" style=\"clear: both; text-align: justify;\">\n<\/div>\n<div class=\"separator\" style=\"clear: both; text-align: justify;\">\nJotta Lagos faleceu na noite dessa sexta_feira (12), no Hospital Santa Efig\u00eania, em Caruaru, a causa morte foi edema agudo no pulm\u00e3o. Jotta fez o papel de um ap\u00f3stolo na encena\u00e7\u00e3o da Paix\u00e3o de Cristo em Nova Jerusal\u00e9m, formando em advocacia, colunista social e tinha o programa Jotta Lagos em Sociedade na R\u00e1dio Liberdade de Caruaru.<\/div>\n<p><\/p>\n","protected":false},"excerpt":{"rendered":"<p>&nbsp; O corpo do colunista social Jotta Lagos ocorre neste momento na sala 2 do Cemit\u00e9rio Parque dos Arcos, \u00e0s&hellip;<\/p>\n","protected":false},"author":1,"featured_media":0,"comment_status":"open","ping_status":"open","sticky":false,"template":"","format":"standard","meta":{"footnotes":""},"categories":[1],"tags":[2,6],"class_list":["post-3530","post","type-post","status-publish","format-standard","hentry","category-sem-categoria","tag-blog-do-edvaldo-magalhaes","tag-noticias"],"_links":{"self":[{"href":"https:\/\/blogdoedvaldomagalhaes.com.br\/index.php\/wp-json\/wp\/v2\/posts\/3530","targetHints":{"allow":["GET"]}}],"collection":[{"href":"https:\/\/blogdoedvaldomagalhaes.com.br\/index.php\/wp-json\/wp\/v2\/posts"}],"about":[{"href":"https:\/\/blogdoedvaldomagalhaes.com.br\/index.php\/wp-json\/wp\/v2\/types\/post"}],"author":[{"embeddable":true,"href":"https:\/\/blogdoedvaldomagalhaes.com.br\/index.php\/wp-json\/wp\/v2\/users\/1"}],"replies":[{"embeddable":true,"href":"https:\/\/blogdoedvaldomagalhaes.com.br\/index.php\/wp-json\/wp\/v2\/comments?post=3530"}],"version-history":[{"count":1,"href":"https:\/\/blogdoedvaldomagalhaes.com.br\/index.php\/wp-json\/wp\/v2\/posts\/3530\/revisions"}],"predecessor-version":[{"id":27706,"href":"https:\/\/blogdoedvaldomagalhaes.com.br\/index.php\/wp-json\/wp\/v2\/posts\/3530\/revisions\/27706"}],"wp:attachment":[{"href":"https:\/\/blogdoedvaldomagalhaes.com.br\/index.php\/wp-json\/wp\/v2\/media?parent=3530"}],"wp:term":[{"taxonomy":"category","embeddable":true,"href":"https:\/\/blogdoedvaldomagalhaes.com.br\/index.php\/wp-json\/wp\/v2\/categories?post=3530"},{"taxonomy":"post_tag","embeddable":true,"href":"https:\/\/blogdoedvaldomagalhaes.com.br\/index.php\/wp-json\/wp\/v2\/tags?post=3530"}],"curies":[{"name":"wp","href":"https:\/\/api.w.org\/{rel}","templated":true}]}}