{"id":3519,"date":"2018-01-15T14:23:00","date_gmt":"2018-01-15T16:23:00","guid":{"rendered":"http:\/\/blogdoedvaldomagalhaes.com.br\/index.php\/2018\/01\/15\/marcia-fellipe-e-silvana-salazar-lota\/"},"modified":"2019-02-09T01:58:51","modified_gmt":"2019-02-09T03:58:51","slug":"marcia-fellipe-e-silvana-salazar-lota","status":"publish","type":"post","link":"https:\/\/blogdoedvaldomagalhaes.com.br\/index.php\/2018\/01\/15\/marcia-fellipe-e-silvana-salazar-lota\/","title":{"rendered":"M\u00e1rcia Fellipe e Silvana Salazar lotam P\u00e1tio de Eventos em Gravat\u00e1"},"content":{"rendered":"<div style=\"background-color: white; color: #222222; text-align: justify;\">\n<div class=\"separator\" style=\"clear: both; text-align: center;\">\n<a href=\"https:\/\/1.bp.blogspot.com\/-lzGdTcw5nlU\/Wly3p3zixOI\/AAAAAAAAoP0\/OSOIBMuCLygbzROTh9wrUCFH-hhd5-QlwCLcBGAs\/s1600\/26815174_1325849100853663_421831880404175912_n.jpg\" imageanchor=\"1\" style=\"margin-left: 1em; margin-right: 1em;\"><img loading=\"lazy\" decoding=\"async\" border=\"0\" data-original-height=\"540\" data-original-width=\"960\" height=\"360\" src=\"http:\/\/blogdoedvaldomagalhaes.com.br\/wp-content\/uploads\/2018\/01\/26815174_1325849100853663_421831880404175912_n.jpg\" width=\"640\" \/><\/a>Fotos: SECOM Gravat\u00e1<\/div>\n<\/div>\n<div style=\"background-color: white; color: #222222; text-align: justify;\">\n<\/div>\n<div style=\"background-color: white; color: #222222; text-align: justify;\">\nO P\u00e1tio de Eventos Chucre Mussa Zarzar lotou neste \u00faltimo s\u00e1bado (13),&nbsp;na primeira noite de apresenta\u00e7\u00f5es da Festa de Reis, em Gravat\u00e1.<\/div>\n<div style=\"background-color: white; color: #222222; text-align: justify;\">\n<\/div>\n<div class=\"separator\" style=\"clear: both; text-align: center;\">\n<a href=\"https:\/\/4.bp.blogspot.com\/-zE-z9YhmfE4\/Wly3lkJufWI\/AAAAAAAAoPw\/kwGtJdrRa7Mn4AHRF5NQ_J29fYo-AFrRACLcBGAs\/s1600\/26230205_1325849460853627_4921442833261361264_n.jpg\" imageanchor=\"1\" style=\"margin-left: 1em; margin-right: 1em;\"><img loading=\"lazy\" decoding=\"async\" border=\"0\" data-original-height=\"640\" data-original-width=\"960\" height=\"426\" src=\"http:\/\/blogdoedvaldomagalhaes.com.br\/wp-content\/uploads\/2018\/01\/26230205_1325849460853627_4921442833261361264_n.jpg\" width=\"640\" \/><\/a><\/div>\n<div style=\"background-color: white; color: #222222; text-align: justify;\">\n<\/div>\n<div style=\"background-color: white; color: #222222; text-align: justify;\">\nA cantora Silvana Salazar foi a primeira a subir ao palco e ganhar o p\u00fablico com grandes sucessos.<\/div>\n<div style=\"background-color: white; color: #222222; text-align: justify;\">\n<\/div>\n<div class=\"separator\" style=\"clear: both; text-align: center;\">\n<a href=\"https:\/\/1.bp.blogspot.com\/-8VExc6U3AC8\/Wly3xeMABRI\/AAAAAAAAoP4\/8-mwFwPslK4UaOqrLJrbblq2Vqqqmz2TQCLcBGAs\/s1600\/26733438_1325849240853649_7422235032176869862_n.jpg\" imageanchor=\"1\" style=\"margin-left: 1em; margin-right: 1em;\"><img loading=\"lazy\" decoding=\"async\" border=\"0\" data-original-height=\"614\" data-original-width=\"960\" height=\"408\" src=\"http:\/\/blogdoedvaldomagalhaes.com.br\/wp-content\/uploads\/2018\/01\/26733438_1325849240853649_7422235032176869862_n.jpg\" width=\"640\" \/><\/a><\/div>\n<div style=\"background-color: white; color: #222222; text-align: justify;\">\n<\/div>\n<div style=\"background-color: white; color: #222222; text-align: justify;\">\nM\u00e1rcia Fellipe se apresentou logo em seguida e agitou a galera com suas m\u00fasicas contagiantes.&nbsp;A cantora Priscila Senna, da banda Musa do Calypso, fez uma participa\u00e7\u00e3o especial marcante e interagiu com o p\u00fablico que cantou can\u00e7\u00f5es de sucesso da banda.<\/div>\n<div style=\"background-color: white; color: #222222; text-align: justify;\">\n<\/div>\n<div class=\"separator\" style=\"clear: both; text-align: center;\">\n<a href=\"https:\/\/1.bp.blogspot.com\/-UTTt_jz72HY\/Wly33ATxFlI\/AAAAAAAAoP8\/lVDfR1ST-dECoyQscD4-UJHUmb3UzfWAACLcBGAs\/s1600\/26734412_1325849854186921_4806233341629564137_n.jpg\" imageanchor=\"1\" style=\"margin-left: 1em; margin-right: 1em;\"><img loading=\"lazy\" decoding=\"async\" border=\"0\" data-original-height=\"540\" data-original-width=\"960\" height=\"360\" src=\"http:\/\/blogdoedvaldomagalhaes.com.br\/wp-content\/uploads\/2018\/01\/26734412_1325849854186921_4806233341629564137_n.jpg\" width=\"640\" \/><\/a><\/div>\n<div style=\"background-color: white; color: #222222; text-align: justify;\">\n<\/div>\n<div style=\"background-color: white; color: #222222; text-align: justify;\">\nA gravataense Maria Eduarda, 27 anos, confessou que estava com saudades da Festa de Reis do munic\u00edpio.<\/div>\n<div style=\"background-color: white; color: #222222; text-align: justify;\">\n<\/div>\n<div style=\"background-color: white; color: #222222; text-align: justify;\">\n&#8220;Fazia um bom tempo que n\u00e3o era realizada assim, com boas atra\u00e7\u00f5es, com seguran\u00e7a. Mais cedo trouxe meu filho para brincar no parque e hoje vim me divertir aqui, pela quantidade de gente d\u00e1 pra ver que al\u00e9m de mim, muita gente estava ansiando por uma Festa de Reis como essa, padr\u00e3o de Gravat\u00e1.&#8221; Falou.<\/div>\n","protected":false},"excerpt":{"rendered":"<p>Fotos: SECOM Gravat\u00e1 O P\u00e1tio de Eventos Chucre Mussa Zarzar lotou neste \u00faltimo s\u00e1bado (13),&nbsp;na primeira noite de apresenta\u00e7\u00f5es da&hellip;<\/p>\n","protected":false},"author":1,"featured_media":0,"comment_status":"open","ping_status":"open","sticky":false,"template":"","format":"standard","meta":{"footnotes":""},"categories":[1],"tags":[2,4084,4085,4086,6,552,4087],"class_list":["post-3519","post","type-post","status-publish","format-standard","hentry","category-sem-categoria","tag-blog-do-edvaldo-magalhaes","tag-festa-de-reis","tag-marcia-fellipe","tag-marcia-fellipe-e-silvana-salazar-lotam-patio-de-eventos-em-gravata","tag-noticias","tag-patio-de-eventos-chucre-mussa-zarzar","tag-priscila-senna"],"_links":{"self":[{"href":"https:\/\/blogdoedvaldomagalhaes.com.br\/index.php\/wp-json\/wp\/v2\/posts\/3519","targetHints":{"allow":["GET"]}}],"collection":[{"href":"https:\/\/blogdoedvaldomagalhaes.com.br\/index.php\/wp-json\/wp\/v2\/posts"}],"about":[{"href":"https:\/\/blogdoedvaldomagalhaes.com.br\/index.php\/wp-json\/wp\/v2\/types\/post"}],"author":[{"embeddable":true,"href":"https:\/\/blogdoedvaldomagalhaes.com.br\/index.php\/wp-json\/wp\/v2\/users\/1"}],"replies":[{"embeddable":true,"href":"https:\/\/blogdoedvaldomagalhaes.com.br\/index.php\/wp-json\/wp\/v2\/comments?post=3519"}],"version-history":[{"count":1,"href":"https:\/\/blogdoedvaldomagalhaes.com.br\/index.php\/wp-json\/wp\/v2\/posts\/3519\/revisions"}],"predecessor-version":[{"id":27737,"href":"https:\/\/blogdoedvaldomagalhaes.com.br\/index.php\/wp-json\/wp\/v2\/posts\/3519\/revisions\/27737"}],"wp:attachment":[{"href":"https:\/\/blogdoedvaldomagalhaes.com.br\/index.php\/wp-json\/wp\/v2\/media?parent=3519"}],"wp:term":[{"taxonomy":"category","embeddable":true,"href":"https:\/\/blogdoedvaldomagalhaes.com.br\/index.php\/wp-json\/wp\/v2\/categories?post=3519"},{"taxonomy":"post_tag","embeddable":true,"href":"https:\/\/blogdoedvaldomagalhaes.com.br\/index.php\/wp-json\/wp\/v2\/tags?post=3519"}],"curies":[{"name":"wp","href":"https:\/\/api.w.org\/{rel}","templated":true}]}}