{"id":351,"date":"2018-12-23T17:01:00","date_gmt":"2018-12-23T19:01:00","guid":{"rendered":"http:\/\/blogdoedvaldomagalhaes.com.br\/index.php\/2018\/12\/23\/ex-presidiario-acusado-de-agredir-u\/"},"modified":"2019-02-09T02:47:34","modified_gmt":"2019-02-09T04:47:34","slug":"ex-presidiario-acusado-de-agredir-u","status":"publish","type":"post","link":"https:\/\/blogdoedvaldomagalhaes.com.br\/index.php\/2018\/12\/23\/ex-presidiario-acusado-de-agredir-u\/","title":{"rendered":"Ex-presidi\u00e1rio acusado de agredir um popular \u00e9 linchado em Caruaru"},"content":{"rendered":"<div class=\"separator\" style=\"clear: both; text-align: center;\">\n<a href=\"https:\/\/1.bp.blogspot.com\/-5WIgu2xtTQA\/XB-7tY4I5tI\/AAAAAAABAOM\/PAXUjIOegrwGau1zf7HqbjymEyGrCw1VgCLcBGAs\/s1600\/images%2B%25281%2529.jpeg\" imageanchor=\"1\" style=\"margin-left: 1em; margin-right: 1em;\"><img loading=\"lazy\" decoding=\"async\" border=\"0\" data-original-height=\"376\" data-original-width=\"376\" height=\"640\" src=\"http:\/\/blogdoedvaldomagalhaes.com.br\/wp-content\/uploads\/2018\/12\/images28129-1.jpeg\" width=\"640\" \/><\/a><\/div>\n<div style=\"text-align: justify;\">\nO ex-presidi\u00e1rio Reginaldo Alves de Barros, de 32 anos, residente primeira Travessa Itabaiana, no bairro Santa Rosa, em Caruaru, acusado de agredir fisicamente um homem, foi linchado por populares, que usaram paus e pedras, al\u00e9m de chutes. O fato foi registrado na noite desse s\u00e1bado (22). Reginaldo foi socorrido pelo Samu, para o Hospital Regional do Agreste (HRA), dando entrada por volta das 23h30, com suspeita de traumatismo encef\u00e1lico, sendo transferido para o Hospital da Restaura\u00e7\u00e3o, em Recife.<\/div>\n<p><\/p>\n","protected":false},"excerpt":{"rendered":"<p>O ex-presidi\u00e1rio Reginaldo Alves de Barros, de 32 anos, residente primeira Travessa Itabaiana, no bairro Santa Rosa, em Caruaru, acusado&hellip;<\/p>\n","protected":false},"author":1,"featured_media":0,"comment_status":"open","ping_status":"open","sticky":false,"template":"","format":"standard","meta":{"footnotes":""},"categories":[1],"tags":[2,13],"class_list":["post-351","post","type-post","status-publish","format-standard","hentry","category-sem-categoria","tag-blog-do-edvaldo-magalhaes","tag-policial"],"_links":{"self":[{"href":"https:\/\/blogdoedvaldomagalhaes.com.br\/index.php\/wp-json\/wp\/v2\/posts\/351","targetHints":{"allow":["GET"]}}],"collection":[{"href":"https:\/\/blogdoedvaldomagalhaes.com.br\/index.php\/wp-json\/wp\/v2\/posts"}],"about":[{"href":"https:\/\/blogdoedvaldomagalhaes.com.br\/index.php\/wp-json\/wp\/v2\/types\/post"}],"author":[{"embeddable":true,"href":"https:\/\/blogdoedvaldomagalhaes.com.br\/index.php\/wp-json\/wp\/v2\/users\/1"}],"replies":[{"embeddable":true,"href":"https:\/\/blogdoedvaldomagalhaes.com.br\/index.php\/wp-json\/wp\/v2\/comments?post=351"}],"version-history":[{"count":1,"href":"https:\/\/blogdoedvaldomagalhaes.com.br\/index.php\/wp-json\/wp\/v2\/posts\/351\/revisions"}],"predecessor-version":[{"id":37097,"href":"https:\/\/blogdoedvaldomagalhaes.com.br\/index.php\/wp-json\/wp\/v2\/posts\/351\/revisions\/37097"}],"wp:attachment":[{"href":"https:\/\/blogdoedvaldomagalhaes.com.br\/index.php\/wp-json\/wp\/v2\/media?parent=351"}],"wp:term":[{"taxonomy":"category","embeddable":true,"href":"https:\/\/blogdoedvaldomagalhaes.com.br\/index.php\/wp-json\/wp\/v2\/categories?post=351"},{"taxonomy":"post_tag","embeddable":true,"href":"https:\/\/blogdoedvaldomagalhaes.com.br\/index.php\/wp-json\/wp\/v2\/tags?post=351"}],"curies":[{"name":"wp","href":"https:\/\/api.w.org\/{rel}","templated":true}]}}