{"id":35,"date":"2019-02-06T01:36:00","date_gmt":"2019-02-06T03:36:00","guid":{"rendered":"http:\/\/blogdoedvaldomagalhaes.com.br\/index.php\/2019\/02\/06\/sismuc-regional-impetrou-mandado-de\/"},"modified":"2019-02-09T02:51:58","modified_gmt":"2019-02-09T04:51:58","slug":"sismuc-regional-impetrou-mandado-de","status":"publish","type":"post","link":"https:\/\/blogdoedvaldomagalhaes.com.br\/index.php\/2019\/02\/06\/sismuc-regional-impetrou-mandado-de\/","title":{"rendered":"Sismuc Regional impetrou Mandado de Seguran\u00e7a Coletivo em favor dos professores associados ao sindicato"},"content":{"rendered":"<div class=\"separator\" style=\"clear: both; text-align: center;\">\n<\/div>\n<p><\/p>\n<div class=\"separator\" style=\"clear: both; text-align: center;\">\n<a href=\"https:\/\/3.bp.blogspot.com\/-BxrYvluQaXQ\/XFo4zcA5EZI\/AAAAAAABCC8\/WT2Q57kEo-oZi9Pd7FT9DjCnSkiQ9d2hgCLcBGAs\/s1600\/IMG-20190205-WA0339.jpg\" imageanchor=\"1\" style=\"margin-left: 1em; margin-right: 1em;\"><img loading=\"lazy\" decoding=\"async\" border=\"0\" data-original-height=\"959\" data-original-width=\"1280\" height=\"476\" src=\"http:\/\/blogdoedvaldomagalhaes.com.br\/wp-content\/uploads\/2019\/02\/IMG-20190205-WA0339.jpg\" width=\"640\" \/><\/a><\/div>\n<p><\/p>\n<div style=\"text-align: justify;\">\n<b>Nota<\/b><\/div>\n<div style=\"text-align: justify;\">\n<\/div>\n<div style=\"text-align: justify;\">\nO Sindicato dos Servidores Municipais de Caruaru e Regi\u00e3o Agreste de Pernambuco &#8211; SISMUC REGIONAL, impetrou no dia 21 de dezembro de 2018, na 1\u00aa Vara da Fazenda P\u00fablica, um Mandado de Seguran\u00e7a Coletivo, em favos de todos os Professores associados ao Sindicato, com o intuito de garantir o pagamento de 1\/3 de f\u00e9rias a esses servidores. Por\u00e9m, a Oficiala de Justi\u00e7a Alcione Maria da Silva, informou que n\u00e3o foi poss\u00edvel a entrega do Mandado de Seguran\u00e7a, alegando que a Destinat\u00e1ria (Prefeita Raquel Lyra), n\u00e3o se encontrava no momento da dilig\u00eancia, e n\u00e3o era sabido qual o hor\u00e1rio de seu retorno. Segue texto da Certid\u00e3o, na \u00edntegra: \u201cCERTID\u00c3O   Certifico eu, Alcione Maria da Silva, Oficiala de Justi\u00e7a desta Comarca, que cumprimento ao Mandado de MM. Juiz de Direito, em 11 do corrente precisamente as 10:13h, dirigi-me ao endere\u00e7o indicado, e l\u00e1 estando, fui informada pela Sr\u00aa Vad\u00eania Lucena, que a Destinat\u00e1ria n\u00e3o encontrava-se no momento da dilig\u00eancia, n\u00e3o sabendo precisar o dia e hor\u00e1rio que a mesma retornar\u00e1. Assim sendo, e havendo sido distribu\u00eddo o presente Mandado em Regime de Plant\u00e3o com prazo ex\u00edguo para o seu cumprimento, DEIXEI DE INTIMAR Raquel Lyra Teixeira e devolvo o presente Mandado para as provid\u00eancias cab\u00edveis. Valendo salientar que o referido Mandado foi devolvido por esta oficiala de justi\u00e7a na data supracitada e em face de problema no sistema, o mesmo permaneceu no meu painel, s\u00f3 observando tal falha nesta data. Assim sendo, devolvo o mesmo para provid\u00eancias cab\u00edveis. O referido \u00e9 a express\u00e3o da verdade, dou f\u00e9. Caruaru, 16 de janeiro de 2019.\u201d &#8216;sic&#8217;<\/div>\n","protected":false},"excerpt":{"rendered":"<p>Nota O Sindicato dos Servidores Municipais de Caruaru e Regi\u00e3o Agreste de Pernambuco &#8211; SISMUC REGIONAL, impetrou no dia 21&hellip;<\/p>\n","protected":false},"author":1,"featured_media":0,"comment_status":"open","ping_status":"open","sticky":false,"template":"","format":"standard","meta":{"footnotes":""},"categories":[1],"tags":[2,6,41],"class_list":["post-35","post","type-post","status-publish","format-standard","hentry","category-sem-categoria","tag-blog-do-edvaldo-magalhaes","tag-noticias","tag-sismuc-regional-impetrou-mandado-de-seguranca-coletivo-em-favor-dos-professores-associados-ao-sindicato"],"_links":{"self":[{"href":"https:\/\/blogdoedvaldomagalhaes.com.br\/index.php\/wp-json\/wp\/v2\/posts\/35","targetHints":{"allow":["GET"]}}],"collection":[{"href":"https:\/\/blogdoedvaldomagalhaes.com.br\/index.php\/wp-json\/wp\/v2\/posts"}],"about":[{"href":"https:\/\/blogdoedvaldomagalhaes.com.br\/index.php\/wp-json\/wp\/v2\/types\/post"}],"author":[{"embeddable":true,"href":"https:\/\/blogdoedvaldomagalhaes.com.br\/index.php\/wp-json\/wp\/v2\/users\/1"}],"replies":[{"embeddable":true,"href":"https:\/\/blogdoedvaldomagalhaes.com.br\/index.php\/wp-json\/wp\/v2\/comments?post=35"}],"version-history":[{"count":1,"href":"https:\/\/blogdoedvaldomagalhaes.com.br\/index.php\/wp-json\/wp\/v2\/posts\/35\/revisions"}],"predecessor-version":[{"id":37986,"href":"https:\/\/blogdoedvaldomagalhaes.com.br\/index.php\/wp-json\/wp\/v2\/posts\/35\/revisions\/37986"}],"wp:attachment":[{"href":"https:\/\/blogdoedvaldomagalhaes.com.br\/index.php\/wp-json\/wp\/v2\/media?parent=35"}],"wp:term":[{"taxonomy":"category","embeddable":true,"href":"https:\/\/blogdoedvaldomagalhaes.com.br\/index.php\/wp-json\/wp\/v2\/categories?post=35"},{"taxonomy":"post_tag","embeddable":true,"href":"https:\/\/blogdoedvaldomagalhaes.com.br\/index.php\/wp-json\/wp\/v2\/tags?post=35"}],"curies":[{"name":"wp","href":"https:\/\/api.w.org\/{rel}","templated":true}]}}