{"id":3493,"date":"2018-01-17T22:39:00","date_gmt":"2018-01-18T00:39:00","guid":{"rendered":"http:\/\/blogdoedvaldomagalhaes.com.br\/index.php\/2018\/01\/17\/missa-de-setimo-dia-em-memoria-de-jotta\/"},"modified":"2019-02-09T01:59:07","modified_gmt":"2019-02-09T03:59:07","slug":"missa-de-setimo-dia-em-memoria-de-jotta","status":"publish","type":"post","link":"https:\/\/blogdoedvaldomagalhaes.com.br\/index.php\/2018\/01\/17\/missa-de-setimo-dia-em-memoria-de-jotta\/","title":{"rendered":"Missa de S\u00e9timo Dia em mem\u00f3ria de Jotta Lagos nesta quinta (18)"},"content":{"rendered":"<div class=\"separator\" style=\"clear: both; text-align: center;\">\n<a href=\"https:\/\/4.bp.blogspot.com\/-8W3-RH3ISxw\/Wl_PUSqdJ2I\/AAAAAAAAoZc\/d0X-BE90BKQs2bLNzY9HSpkZvqerZLdsQCLcBGAs\/s1600\/IMG-20180117-WA0066.jpg\" imageanchor=\"1\" style=\"margin-left: 1em; margin-right: 1em;\"><img loading=\"lazy\" decoding=\"async\" border=\"0\" data-original-height=\"917\" data-original-width=\"1280\" height=\"286\" src=\"http:\/\/blogdoedvaldomagalhaes.com.br\/wp-content\/uploads\/2018\/01\/IMG-20180117-WA0066.jpg\" width=\"400\" \/><\/a><\/div>\n<p><\/p>\n<div style=\"text-align: justify;\">\nNesta quinta-feira (18), \u00e0s 19h30, ser\u00e1 celebrada Missa de S\u00e9timo Dia, na Igreja do Cora\u00e7\u00e3o Eucar\u00edstico (Convento), no bairro Divin\u00f3polis, em mem\u00f3ria do colunista social Jotta Lagos, que faleceu na \u00faltima sexta-feira (12), no Hospital Santa Efig\u00eania, v\u00edtima de Edema Agudo Pulmonar. A fam\u00edlia agradece a todos que comparecerem. <\/div>\n","protected":false},"excerpt":{"rendered":"<p>Nesta quinta-feira (18), \u00e0s 19h30, ser\u00e1 celebrada Missa de S\u00e9timo Dia, na Igreja do Cora\u00e7\u00e3o Eucar\u00edstico (Convento), no bairro Divin\u00f3polis,&hellip;<\/p>\n","protected":false},"author":1,"featured_media":0,"comment_status":"open","ping_status":"open","sticky":false,"template":"","format":"standard","meta":{"footnotes":""},"categories":[1],"tags":[2,4046,6],"class_list":["post-3493","post","type-post","status-publish","format-standard","hentry","category-sem-categoria","tag-blog-do-edvaldo-magalhaes","tag-missa-de-setimo-dia-em-memoria-de-jotta-lagos-nesta-quinta-18","tag-noticias"],"_links":{"self":[{"href":"https:\/\/blogdoedvaldomagalhaes.com.br\/index.php\/wp-json\/wp\/v2\/posts\/3493","targetHints":{"allow":["GET"]}}],"collection":[{"href":"https:\/\/blogdoedvaldomagalhaes.com.br\/index.php\/wp-json\/wp\/v2\/posts"}],"about":[{"href":"https:\/\/blogdoedvaldomagalhaes.com.br\/index.php\/wp-json\/wp\/v2\/types\/post"}],"author":[{"embeddable":true,"href":"https:\/\/blogdoedvaldomagalhaes.com.br\/index.php\/wp-json\/wp\/v2\/users\/1"}],"replies":[{"embeddable":true,"href":"https:\/\/blogdoedvaldomagalhaes.com.br\/index.php\/wp-json\/wp\/v2\/comments?post=3493"}],"version-history":[{"count":1,"href":"https:\/\/blogdoedvaldomagalhaes.com.br\/index.php\/wp-json\/wp\/v2\/posts\/3493\/revisions"}],"predecessor-version":[{"id":27796,"href":"https:\/\/blogdoedvaldomagalhaes.com.br\/index.php\/wp-json\/wp\/v2\/posts\/3493\/revisions\/27796"}],"wp:attachment":[{"href":"https:\/\/blogdoedvaldomagalhaes.com.br\/index.php\/wp-json\/wp\/v2\/media?parent=3493"}],"wp:term":[{"taxonomy":"category","embeddable":true,"href":"https:\/\/blogdoedvaldomagalhaes.com.br\/index.php\/wp-json\/wp\/v2\/categories?post=3493"},{"taxonomy":"post_tag","embeddable":true,"href":"https:\/\/blogdoedvaldomagalhaes.com.br\/index.php\/wp-json\/wp\/v2\/tags?post=3493"}],"curies":[{"name":"wp","href":"https:\/\/api.w.org\/{rel}","templated":true}]}}