{"id":349,"date":"2018-12-24T09:23:00","date_gmt":"2018-12-24T11:23:00","guid":{"rendered":"http:\/\/blogdoedvaldomagalhaes.com.br\/index.php\/2018\/12\/24\/delegado-esclarece-suposto\/"},"modified":"2019-02-09T02:47:35","modified_gmt":"2019-02-09T04:47:35","slug":"delegado-esclarece-suposto","status":"publish","type":"post","link":"https:\/\/blogdoedvaldomagalhaes.com.br\/index.php\/2018\/12\/24\/delegado-esclarece-suposto\/","title":{"rendered":"Delegado esclarece suposto desaparecimento de jovem e afirma: &#8220;N\u00e3o houve estupro, motorista de Uber \u00e9 inocente&#8221;"},"content":{"rendered":"<div class=\"separator\" style=\"clear: both; text-align: center;\">\n<a href=\"https:\/\/3.bp.blogspot.com\/-gYp7ocN_r50\/XCCixe51BuI\/AAAAAAABAPA\/uFlYUugvbeAaNSqYyuaSy6OEunsYnNT3QCLcBGAs\/s1600\/FB_IMG_1545642518035.jpg\" imageanchor=\"1\" style=\"margin-left: 1em; margin-right: 1em;\"><img loading=\"lazy\" decoding=\"async\" border=\"0\" data-original-height=\"1501\" data-original-width=\"1500\" height=\"640\" src=\"http:\/\/blogdoedvaldomagalhaes.com.br\/wp-content\/uploads\/2018\/12\/FB_IMG_1545642518035.jpg\" width=\"638\" \/><\/a><\/div>\n<div class=\"separator\" style=\"clear: both; text-align: center;\">\nFoto: Reprodu\u00e7\u00e3o\/Whatsapp&nbsp;<\/div>\n<p><\/p>\n<div style=\"text-align: justify;\">\nLeia abaixo, o que o delegado Thiago Henrique, postou no seu perfil no Facebook, em rela\u00e7\u00e3o ao suposto desaparecimento de uma jovem de Caruaru, e um suposto estupro:&nbsp;<\/div>\n<div style=\"text-align: justify;\">\n<\/div>\n<div style=\"text-align: justify;\">\n&#8220;ALGUNS ESCLARECIMENTOS SOBRE O CASO DO SUPOSTO DESAPARECIMENTO DE UMA JOVEM QUE CIRCULOU ONTEM NAS REDES SOCIAIS&nbsp;<\/div>\n<div style=\"text-align: justify;\">\n<\/div>\n<div style=\"text-align: justify;\">\nO caso dessa adolescente caiu na minha equipe de plant\u00e3o ontem. Foi registrado um Boletim de Ocorr\u00eancia do DESAPARECIMENTO desta jovem e no outro dia pela manh\u00e3 ela apareceu dizendo ter sido estuprada por um motorista de UBER.&nbsp;<\/div>\n<div style=\"text-align: justify;\">\n<\/div>\n<div style=\"text-align: justify;\">\nMobilizamos nossa equipe para localizar o motorista. Entrei em contato pessoalmente com o setor de seguran\u00e7a da UBER em SP com quem tenho uma excelente rela\u00e7\u00e3o a partir de um outro caso que resolvemos. Conseguimos deter o motorista cerca de 2h depois da den\u00fancia.&nbsp;<\/div>\n<div style=\"text-align: justify;\">\n<\/div>\n<div style=\"text-align: justify;\">\nPOR\u00c9M, a alguns pontos da hist\u00f3ria contada pela adolescente \u201cn\u00e3o batiam\u201d. Foi ent\u00e3o que aprofundamos a investiga\u00e7\u00e3o e descobrimos que tudo foi UMA MENTIRA INVENTADA PELA JOVEM. Instaurei um Procedimento Especial de Menor &#8211; PEM pela pr\u00e1tica do ato infracional an\u00e1logo ao crime de Denuncia\u00e7\u00e3o Caluniosa pelo qual ela respondera um procedimento judicial.&nbsp;<\/div>\n<div style=\"text-align: justify;\">\n<\/div>\n<div style=\"text-align: justify;\">\nMinha inten\u00e7\u00e3o em fazer essa postagem foi de externar a minha preocupa\u00e7\u00e3o ao ver algumas manifesta\u00e7\u00f5es de \u00f3dio contra o motorista da UBER que, neste caso, foi o maior prejudicado&#8221;.&nbsp;<\/div>\n<div style=\"text-align: justify;\">\n<\/div>\n<div style=\"text-align: justify;\">\nThiago Henrique C. de Almeida<\/div>\n<div style=\"text-align: justify;\">\nCoordenador dos Plant\u00f5es de Caruaru<\/div>\n<div style=\"text-align: justify;\">\n<\/div>\n<div style=\"text-align: justify;\">\nO delegado fez outra postagem no Facebook, leia abaixo:&nbsp;<\/div>\n<div style=\"text-align: justify;\">\n<\/div>\n<div style=\"text-align: justify;\">\n&#8220;S\u00f3 alguns esclarecimentos a algumas pessoas da fam\u00edlia dessa adolescente que querem me intimidar:<\/div>\n<div style=\"text-align: justify;\">\n<\/div>\n<div style=\"text-align: justify;\">\n1. esse eh o meu perfil pessoal e posto nele o que reputo importante;<\/div>\n<div style=\"text-align: justify;\">\n<\/div>\n<div style=\"text-align: justify;\">\n2. a foto que circulou nas redes sociais foi elaborada pela pr\u00f3pria fam\u00edlia (inclusive com o telefone de um tio) fazendo um apelo para a jovem que estava desaparecida;<\/div>\n<div style=\"text-align: justify;\">\n<\/div>\n<div style=\"text-align: justify;\">\n3. EU fui o delegado plantonista que recebi a ocorr\u00eancia do \u201cdesaparecimento\u201d dessa adolescente e coloquei minha equipe na rua a procura;<\/div>\n<div style=\"text-align: justify;\">\n<\/div>\n<div style=\"text-align: justify;\">\n4. Ela apareceu no outro dia acusando um motorista de UBER de t\u00ea-la estuprado. N\u00f3s prendemos o motorista do UBER (inocente!) em menos de 3h;<\/div>\n<div style=\"text-align: justify;\">\n<\/div>\n<div style=\"text-align: justify;\">\n5. Descobrimos toda a verdade (agora inclusive com v\u00e1rias provas trazidas por um jovem aqui na delegacia) sobre toda a mentira inventada, tendo inclusive relatos dela sobre a nossa pris\u00e3o do inocente motorista do UBER;<\/div>\n<div style=\"text-align: justify;\">\n<\/div>\n<div style=\"text-align: justify;\">\n6. N\u00e3o achem que por ela ser menor n\u00e3o responder\u00e1 na delegacia. Com dito ela responder\u00e1 a um PEM &#8211; Procedimento Especial de Menor (j\u00e1 instaurado), pelo ato infracional an\u00e1logo ao crime do artigo 339 do CPB;<\/div>\n<div style=\"text-align: justify;\">\n<\/div>\n<div style=\"text-align: justify;\">\n7. Minha postagem esclareceu um caso criminal de repercuss\u00e3o na cidade e resguardou a integridade f\u00edsica do motorista de UBER;<\/div>\n<div style=\"text-align: justify;\">\n<\/div>\n<div style=\"text-align: justify;\">\n8. Se tinha algu\u00e9m correndo algum perigo de vida esse, sem d\u00favida, era o inocente motorista do UBER preso;<\/div>\n<div style=\"text-align: justify;\">\n<\/div>\n<div style=\"text-align: justify;\">\n9. Muito me admira os familiares dessa adolescente estarem querendo fingir que nada aconteceu ou que ela eh a \u201cv\u00edtima\u201d do caso, quando na verdade ela eh a autora;<\/div>\n<div style=\"text-align: justify;\">\n<\/div>\n<div style=\"text-align: justify;\">\n10. N\u00e3o tenho medo de intimida\u00e7\u00f5es, caso tivesse n\u00e3o teria escolhido essa profiss\u00e3o&#8221; Thiago Henrique C. de Almeida, Coordenador de Plant\u00f5es de Caruaru.<\/div>\n<div style=\"text-align: justify;\">\n<\/div>\n","protected":false},"excerpt":{"rendered":"<p>Foto: Reprodu\u00e7\u00e3o\/Whatsapp&nbsp; Leia abaixo, o que o delegado Thiago Henrique, postou no seu perfil no Facebook, em rela\u00e7\u00e3o ao suposto&hellip;<\/p>\n","protected":false},"author":1,"featured_media":0,"comment_status":"open","ping_status":"open","sticky":false,"template":"","format":"standard","meta":{"footnotes":""},"categories":[1],"tags":[2,13],"class_list":["post-349","post","type-post","status-publish","format-standard","hentry","category-sem-categoria","tag-blog-do-edvaldo-magalhaes","tag-policial"],"_links":{"self":[{"href":"https:\/\/blogdoedvaldomagalhaes.com.br\/index.php\/wp-json\/wp\/v2\/posts\/349","targetHints":{"allow":["GET"]}}],"collection":[{"href":"https:\/\/blogdoedvaldomagalhaes.com.br\/index.php\/wp-json\/wp\/v2\/posts"}],"about":[{"href":"https:\/\/blogdoedvaldomagalhaes.com.br\/index.php\/wp-json\/wp\/v2\/types\/post"}],"author":[{"embeddable":true,"href":"https:\/\/blogdoedvaldomagalhaes.com.br\/index.php\/wp-json\/wp\/v2\/users\/1"}],"replies":[{"embeddable":true,"href":"https:\/\/blogdoedvaldomagalhaes.com.br\/index.php\/wp-json\/wp\/v2\/comments?post=349"}],"version-history":[{"count":1,"href":"https:\/\/blogdoedvaldomagalhaes.com.br\/index.php\/wp-json\/wp\/v2\/posts\/349\/revisions"}],"predecessor-version":[{"id":37102,"href":"https:\/\/blogdoedvaldomagalhaes.com.br\/index.php\/wp-json\/wp\/v2\/posts\/349\/revisions\/37102"}],"wp:attachment":[{"href":"https:\/\/blogdoedvaldomagalhaes.com.br\/index.php\/wp-json\/wp\/v2\/media?parent=349"}],"wp:term":[{"taxonomy":"category","embeddable":true,"href":"https:\/\/blogdoedvaldomagalhaes.com.br\/index.php\/wp-json\/wp\/v2\/categories?post=349"},{"taxonomy":"post_tag","embeddable":true,"href":"https:\/\/blogdoedvaldomagalhaes.com.br\/index.php\/wp-json\/wp\/v2\/tags?post=349"}],"curies":[{"name":"wp","href":"https:\/\/api.w.org\/{rel}","templated":true}]}}