{"id":3486,"date":"2018-01-18T18:49:00","date_gmt":"2018-01-18T20:49:00","guid":{"rendered":"http:\/\/blogdoedvaldomagalhaes.com.br\/index.php\/2018\/01\/18\/gratis-afericao-de-pressao-glicemia\/"},"modified":"2019-02-09T01:59:11","modified_gmt":"2019-02-09T03:59:11","slug":"gratis-afericao-de-pressao-glicemia","status":"publish","type":"post","link":"https:\/\/blogdoedvaldomagalhaes.com.br\/index.php\/2018\/01\/18\/gratis-afericao-de-pressao-glicemia\/","title":{"rendered":"Gr\u00e1tis: aferi\u00e7\u00e3o de press\u00e3o, glicemia capilar e avalia\u00e7\u00e3o do peso em Caruaru neste s\u00e1bado (20)"},"content":{"rendered":"<div class=\"MsoNormal\" style=\"background-color: white; text-align: justify;\">\n<div class=\"separator\" style=\"clear: both; text-align: center;\">\n<a href=\"https:\/\/4.bp.blogspot.com\/-nFl05qq8Zvs\/WmDr4-EcEuI\/AAAAAAAAodE\/VX1V7pnqHXIoh5AUa8E566blW6SGca3NQCLcBGAs\/s1600\/foto.jpg\" imageanchor=\"1\" style=\"margin-left: 1em; margin-right: 1em;\"><img loading=\"lazy\" decoding=\"async\" border=\"0\" data-original-height=\"556\" data-original-width=\"900\" height=\"390\" src=\"http:\/\/blogdoedvaldomagalhaes.com.br\/wp-content\/uploads\/2018\/01\/foto-2.jpg\" width=\"640\" \/><\/a><\/div>\n<p>\nEm comemora\u00e7\u00e3o ao Dia do Farmac\u00eautico, a Faculdade UNINASSAU Caruaru, realiza neste s\u00e1bado (20), a\u00e7\u00f5es voltadas \u00e0 sa\u00fade e bem-estar. O evento, que ser\u00e1 no Marco Zero da cidade, das 8h \u00e0s 12h, \u00e9 gratuito e aberto para o p\u00fablico em geral.<u><\/u><u><\/u><\/div>\n<div class=\"MsoNormal\" style=\"background-color: white; text-align: justify;\">\n<\/div>\n<div class=\"MsoNormal\" style=\"background-color: white; text-align: justify;\">\nEntre os servi\u00e7os farmac\u00eauticos que ser\u00e3o oferecidos, est\u00e3o aferi\u00e7\u00e3o de press\u00e3o arterial, glicemia capilar e an\u00e1lises completas para a avalia\u00e7\u00e3o do peso corporal.&nbsp;<\/div>\n<div class=\"MsoNormal\" style=\"background-color: white; text-align: justify;\">\n<\/div>\n<div class=\"MsoNormal\" style=\"background-color: white; text-align: justify;\">\nA data de 20 de janeiro para celebrar a profiss\u00e3o foi escolhida em fun\u00e7\u00e3o da funda\u00e7\u00e3o da Associa\u00e7\u00e3o Brasileira de Farmac\u00eauticos (ABF), em 20 de janeiro de 1916. Na \u00e9poca, a institui\u00e7\u00e3o representava a maior categoria, no Pa\u00eds. Considerando a necessidade de unificar a comemora\u00e7\u00e3o do Dia do Farmac\u00eautico e por ensejar maior visibilidade e reconhecimento, o Conselho Federal de Farm\u00e1cia, por meio da Resolu\u00e7\u00e3o n\u00ba 460, de 23 de mar\u00e7o de 2007, reconheceu o dia 20 de janeiro como o Dia do Farmac\u00eautico.<\/div>\n","protected":false},"excerpt":{"rendered":"<p>Em comemora\u00e7\u00e3o ao Dia do Farmac\u00eautico, a Faculdade UNINASSAU Caruaru, realiza neste s\u00e1bado (20), a\u00e7\u00f5es voltadas \u00e0 sa\u00fade e bem-estar.&hellip;<\/p>\n","protected":false},"author":1,"featured_media":0,"comment_status":"open","ping_status":"open","sticky":false,"template":"","format":"standard","meta":{"footnotes":""},"categories":[1],"tags":[2,4037,4038,6],"class_list":["post-3486","post","type-post","status-publish","format-standard","hentry","category-sem-categoria","tag-blog-do-edvaldo-magalhaes","tag-glicemia-capilar-e-avaliacao-do-peso-em-caruaru-neste-sabado-20","tag-gratis-afericao-de-pressao","tag-noticias"],"_links":{"self":[{"href":"https:\/\/blogdoedvaldomagalhaes.com.br\/index.php\/wp-json\/wp\/v2\/posts\/3486","targetHints":{"allow":["GET"]}}],"collection":[{"href":"https:\/\/blogdoedvaldomagalhaes.com.br\/index.php\/wp-json\/wp\/v2\/posts"}],"about":[{"href":"https:\/\/blogdoedvaldomagalhaes.com.br\/index.php\/wp-json\/wp\/v2\/types\/post"}],"author":[{"embeddable":true,"href":"https:\/\/blogdoedvaldomagalhaes.com.br\/index.php\/wp-json\/wp\/v2\/users\/1"}],"replies":[{"embeddable":true,"href":"https:\/\/blogdoedvaldomagalhaes.com.br\/index.php\/wp-json\/wp\/v2\/comments?post=3486"}],"version-history":[{"count":1,"href":"https:\/\/blogdoedvaldomagalhaes.com.br\/index.php\/wp-json\/wp\/v2\/posts\/3486\/revisions"}],"predecessor-version":[{"id":27813,"href":"https:\/\/blogdoedvaldomagalhaes.com.br\/index.php\/wp-json\/wp\/v2\/posts\/3486\/revisions\/27813"}],"wp:attachment":[{"href":"https:\/\/blogdoedvaldomagalhaes.com.br\/index.php\/wp-json\/wp\/v2\/media?parent=3486"}],"wp:term":[{"taxonomy":"category","embeddable":true,"href":"https:\/\/blogdoedvaldomagalhaes.com.br\/index.php\/wp-json\/wp\/v2\/categories?post=3486"},{"taxonomy":"post_tag","embeddable":true,"href":"https:\/\/blogdoedvaldomagalhaes.com.br\/index.php\/wp-json\/wp\/v2\/tags?post=3486"}],"curies":[{"name":"wp","href":"https:\/\/api.w.org\/{rel}","templated":true}]}}