{"id":3470,"date":"2018-01-21T12:15:00","date_gmt":"2018-01-21T14:15:00","guid":{"rendered":"http:\/\/blogdoedvaldomagalhaes.com.br\/index.php\/2018\/01\/21\/central-escalado-para-enfrentar-o\/"},"modified":"2019-02-09T01:59:21","modified_gmt":"2019-02-09T03:59:21","slug":"central-escalado-para-enfrentar-o","status":"publish","type":"post","link":"https:\/\/blogdoedvaldomagalhaes.com.br\/index.php\/2018\/01\/21\/central-escalado-para-enfrentar-o\/","title":{"rendered":"Central escalado para enfrentar o N\u00e1utico neste domingo (21)"},"content":{"rendered":"<div class=\"separator\" style=\"clear: both; text-align: center;\">\n<a href=\"https:\/\/2.bp.blogspot.com\/-kZrSBfrlCM0\/WmSDxBQYTaI\/AAAAAAAAoik\/W6jAf0f1CMgwFlDBacu_HtJR3osQux7ZwCLcBGAs\/s1600\/IMG-20180121-WA0011.jpg\" imageanchor=\"1\" style=\"margin-left: 1em; margin-right: 1em;\"><img loading=\"lazy\" decoding=\"async\" border=\"0\" data-original-height=\"1256\" data-original-width=\"1000\" height=\"640\" src=\"http:\/\/blogdoedvaldomagalhaes.com.br\/wp-content\/uploads\/2018\/01\/IMG-20180121-WA0011.jpg\" width=\"508\" \/><\/a><\/div>\n<div class=\"separator\" style=\"clear: both; text-align: center;\">\n<\/div>\n<p>O Central recebe o N\u00e1utico, \u00e0s 16h, deste domingo no Lacerd\u00e3o pela segunda rodada do Pernambucano 2018.<\/p>\n<p>Ap\u00f3s o empate com o Afogados na estreia, a Patativa vai em busca de sua primeira vit\u00f3ria no campeonato.<\/p>\n<p>A torcida promete fazer uma grande festa e apoiar o time do in\u00edcio ao fim.<\/p>\n<p>A Patativa dever\u00e1 ir a campo com: Murilo; Dudu Gago, Vit\u00e3o, Danilo Quipap\u00e1 e Charles; &nbsp;Douglas Carioca, Eduardo Er\u00ea, Graxa e J\u00fanior Lemos; Luiz\u00e3o e Leandro Costa.<\/p>\n<div class=\"separator\" style=\"clear: both; text-align: center;\">\n<a href=\"https:\/\/2.bp.blogspot.com\/-UYjp2O513TY\/WmSDzR84JwI\/AAAAAAAAoio\/jNqDNv_X4NEQInCoIZ0HscD4D5kl5hfxwCLcBGAs\/s1600\/IMG-20180121-WA0012.jpg\" imageanchor=\"1\" style=\"margin-left: 1em; margin-right: 1em;\"><img loading=\"lazy\" decoding=\"async\" border=\"0\" data-original-height=\"1280\" data-original-width=\"720\" height=\"640\" src=\"http:\/\/blogdoedvaldomagalhaes.com.br\/wp-content\/uploads\/2018\/01\/IMG-20180121-WA0012.jpg\" width=\"360\" \/><\/a><\/div>\n<p><\/p>\n","protected":false},"excerpt":{"rendered":"<p>O Central recebe o N\u00e1utico, \u00e0s 16h, deste domingo no Lacerd\u00e3o pela segunda rodada do Pernambucano 2018. Ap\u00f3s o empate&hellip;<\/p>\n","protected":false},"author":1,"featured_media":0,"comment_status":"open","ping_status":"open","sticky":false,"template":"","format":"standard","meta":{"footnotes":""},"categories":[1],"tags":[4016,4017,3],"class_list":["post-3470","post","type-post","status-publish","format-standard","hentry","category-sem-categoria","tag-blog-do-do-edvaldo-magalhaes","tag-central-escalado-para-enfrentar-o-nautico-neste-domingo-21","tag-futebol"],"_links":{"self":[{"href":"https:\/\/blogdoedvaldomagalhaes.com.br\/index.php\/wp-json\/wp\/v2\/posts\/3470","targetHints":{"allow":["GET"]}}],"collection":[{"href":"https:\/\/blogdoedvaldomagalhaes.com.br\/index.php\/wp-json\/wp\/v2\/posts"}],"about":[{"href":"https:\/\/blogdoedvaldomagalhaes.com.br\/index.php\/wp-json\/wp\/v2\/types\/post"}],"author":[{"embeddable":true,"href":"https:\/\/blogdoedvaldomagalhaes.com.br\/index.php\/wp-json\/wp\/v2\/users\/1"}],"replies":[{"embeddable":true,"href":"https:\/\/blogdoedvaldomagalhaes.com.br\/index.php\/wp-json\/wp\/v2\/comments?post=3470"}],"version-history":[{"count":1,"href":"https:\/\/blogdoedvaldomagalhaes.com.br\/index.php\/wp-json\/wp\/v2\/posts\/3470\/revisions"}],"predecessor-version":[{"id":27857,"href":"https:\/\/blogdoedvaldomagalhaes.com.br\/index.php\/wp-json\/wp\/v2\/posts\/3470\/revisions\/27857"}],"wp:attachment":[{"href":"https:\/\/blogdoedvaldomagalhaes.com.br\/index.php\/wp-json\/wp\/v2\/media?parent=3470"}],"wp:term":[{"taxonomy":"category","embeddable":true,"href":"https:\/\/blogdoedvaldomagalhaes.com.br\/index.php\/wp-json\/wp\/v2\/categories?post=3470"},{"taxonomy":"post_tag","embeddable":true,"href":"https:\/\/blogdoedvaldomagalhaes.com.br\/index.php\/wp-json\/wp\/v2\/tags?post=3470"}],"curies":[{"name":"wp","href":"https:\/\/api.w.org\/{rel}","templated":true}]}}