{"id":347,"date":"2018-12-24T10:15:00","date_gmt":"2018-12-24T12:15:00","guid":{"rendered":"http:\/\/blogdoedvaldomagalhaes.com.br\/index.php\/2018\/12\/24\/registados-27-homicidios-no-fim-de\/"},"modified":"2019-02-09T02:47:39","modified_gmt":"2019-02-09T04:47:39","slug":"registados-27-homicidios-no-fim-de","status":"publish","type":"post","link":"https:\/\/blogdoedvaldomagalhaes.com.br\/index.php\/2018\/12\/24\/registados-27-homicidios-no-fim-de\/","title":{"rendered":"Registados 27 homic\u00eddios no fim de semana em Pernambuco"},"content":{"rendered":"<div class=\"separator\" style=\"clear: both; text-align: center;\">\n<a href=\"https:\/\/4.bp.blogspot.com\/-b2_JekSxOuM\/XCCw5rbvVrI\/AAAAAAABAPc\/5BAoIdbm1TMhhkv77FreT4tH93JDWHDmQCLcBGAs\/s1600\/images.jpeg\" imageanchor=\"1\" style=\"margin-left: 1em; margin-right: 1em;\"><img loading=\"lazy\" decoding=\"async\" border=\"0\" data-original-height=\"452\" data-original-width=\"679\" height=\"426\" src=\"http:\/\/blogdoedvaldomagalhaes.com.br\/wp-content\/uploads\/2018\/12\/images-4.jpeg\" width=\"640\" \/><\/a><\/div>\n<div style=\"background-color: white; box-sizing: border-box; font-family: Lato, sans-serif; font-size: 13px; line-height: 23px; margin-bottom: 10px; text-align: justify;\">\n<\/div>\n<div style=\"background-color: white; box-sizing: border-box; line-height: 23px; margin-bottom: 10px; text-align: justify;\">\nNo fim de semana, 27 pessoas foram assassinadas em Pernambuco. No ano s\u00e3o 3.960 homic\u00eddios no Estado, 1.607 na Regi\u00e3o Metropolitana do Recife e 2.353 no interior.<\/div>\n<div style=\"background-color: white; box-sizing: border-box; line-height: 23px; margin-bottom: 10px; text-align: justify;\">\nNa noite deste domingo (23), um homem sofreu tentativa de homic\u00eddio no bairro Centen\u00e1rio, em Caruaru. Thiago da Silva Santos,34 anos, foi baleado na Rua da Uni\u00e3o, quando dois homens chegaram em uma moto e efetuaram os disparos contra ele, que foi socorrido para o Hospital Regional do Agreste (HRA).<\/div>\n<div style=\"background-color: white; box-sizing: border-box; line-height: 23px; margin-bottom: 10px; text-align: justify;\">\nNa noite de s\u00e1bado (22), sulanqueiros que foram fazer compras em Santa Cruz do Capibaribe em um \u00f4nibus sofreram tentativa de assalto na BR-104, em Caruaru. Tr\u00eas bandidos aproveitaram que o ve\u00edculo apresentou problema mec\u00e2nico na Vila Rafael e tentaram assaltar os passageiros.<\/div>\n<div style=\"background-color: white; box-sizing: border-box; line-height: 23px; margin-bottom: 10px; text-align: justify;\">\nOs assaltantes efetuaram muitos tiros e um dos passageiros foi baleado. Jos\u00e9 C\u00edcero Amorim, 57 anos, foi socorrido para o HRA. Uma mulher respons\u00e1vel pela excurs\u00e3o sofreu um mal s\u00fabito e faleceu.<\/div>\n<div style=\"background-color: white; box-sizing: border-box; line-height: 23px; margin-bottom: 10px; text-align: justify;\">\nFonte: Helenivaldo Pereira\/R\u00e1dio Liberdade.<\/div>\n<div style=\"background-color: white; box-sizing: border-box; font-family: Lato, sans-serif; font-size: 13px; line-height: 23px; margin-bottom: 10px; text-align: justify;\">\n<\/div>\n","protected":false},"excerpt":{"rendered":"<p>No fim de semana, 27 pessoas foram assassinadas em Pernambuco. No ano s\u00e3o 3.960 homic\u00eddios no Estado, 1.607 na Regi\u00e3o&hellip;<\/p>\n","protected":false},"author":1,"featured_media":0,"comment_status":"open","ping_status":"open","sticky":false,"template":"","format":"standard","meta":{"footnotes":""},"categories":[1],"tags":[2,13],"class_list":["post-347","post","type-post","status-publish","format-standard","hentry","category-sem-categoria","tag-blog-do-edvaldo-magalhaes","tag-policial"],"_links":{"self":[{"href":"https:\/\/blogdoedvaldomagalhaes.com.br\/index.php\/wp-json\/wp\/v2\/posts\/347","targetHints":{"allow":["GET"]}}],"collection":[{"href":"https:\/\/blogdoedvaldomagalhaes.com.br\/index.php\/wp-json\/wp\/v2\/posts"}],"about":[{"href":"https:\/\/blogdoedvaldomagalhaes.com.br\/index.php\/wp-json\/wp\/v2\/types\/post"}],"author":[{"embeddable":true,"href":"https:\/\/blogdoedvaldomagalhaes.com.br\/index.php\/wp-json\/wp\/v2\/users\/1"}],"replies":[{"embeddable":true,"href":"https:\/\/blogdoedvaldomagalhaes.com.br\/index.php\/wp-json\/wp\/v2\/comments?post=347"}],"version-history":[{"count":1,"href":"https:\/\/blogdoedvaldomagalhaes.com.br\/index.php\/wp-json\/wp\/v2\/posts\/347\/revisions"}],"predecessor-version":[{"id":37108,"href":"https:\/\/blogdoedvaldomagalhaes.com.br\/index.php\/wp-json\/wp\/v2\/posts\/347\/revisions\/37108"}],"wp:attachment":[{"href":"https:\/\/blogdoedvaldomagalhaes.com.br\/index.php\/wp-json\/wp\/v2\/media?parent=347"}],"wp:term":[{"taxonomy":"category","embeddable":true,"href":"https:\/\/blogdoedvaldomagalhaes.com.br\/index.php\/wp-json\/wp\/v2\/categories?post=347"},{"taxonomy":"post_tag","embeddable":true,"href":"https:\/\/blogdoedvaldomagalhaes.com.br\/index.php\/wp-json\/wp\/v2\/tags?post=347"}],"curies":[{"name":"wp","href":"https:\/\/api.w.org\/{rel}","templated":true}]}}