{"id":3453,"date":"2018-01-23T21:29:00","date_gmt":"2018-01-23T23:29:00","guid":{"rendered":"http:\/\/blogdoedvaldomagalhaes.com.br\/index.php\/2018\/01\/23\/confira-como-foi-o-ato-em-defesa-de\/"},"modified":"2019-02-09T01:59:50","modified_gmt":"2019-02-09T03:59:50","slug":"confira-como-foi-o-ato-em-defesa-de","status":"publish","type":"post","link":"https:\/\/blogdoedvaldomagalhaes.com.br\/index.php\/2018\/01\/23\/confira-como-foi-o-ato-em-defesa-de\/","title":{"rendered":"Confira como foi o &#8220;Ato em Defesa de Lula e da Democracia&#8221;  em Caruaru"},"content":{"rendered":"<div class=\"separator\" style=\"clear: both; text-align: center;\">\n<\/div>\n<p><\/p>\n<div class=\"separator\" style=\"clear: both; text-align: center;\">\n<\/div>\n<div class=\"separator\" style=\"clear: both; text-align: center;\">\n<\/div>\n<div class=\"separator\" style=\"clear: both; text-align: center;\">\n<a href=\"https:\/\/4.bp.blogspot.com\/-WFVzZCl_mWk\/Wmeo8KhBibI\/AAAAAAAAov4\/mI6sF_-xuYgkEq2A6RfUWGehDU8RLyFIACLcBGAs\/s1600\/lula%2B9.jpg\" imageanchor=\"1\" style=\"margin-left: 1em; margin-right: 1em;\"><img loading=\"lazy\" decoding=\"async\" border=\"0\" data-original-height=\"540\" data-original-width=\"960\" height=\"360\" src=\"http:\/\/blogdoedvaldomagalhaes.com.br\/wp-content\/uploads\/2018\/01\/lula9.jpg\" width=\"640\" \/><\/a><\/div>\n<div class=\"separator\" style=\"clear: both; text-align: center;\">\n<\/div>\n<div class=\"separator\" style=\"clear: both; text-align: center;\">\n<a href=\"https:\/\/1.bp.blogspot.com\/-hMY5Bxs5Ug0\/Wmen1qsYr4I\/AAAAAAAAov0\/5kpjgzrKGQsfkrZnHK-lRdXZuwSkA7F4QCEwYBhgL\/s1600\/lula%2B1.jpg\" imageanchor=\"1\" style=\"margin-left: 1em; margin-right: 1em;\"><img loading=\"lazy\" decoding=\"async\" border=\"0\" data-original-height=\"782\" data-original-width=\"960\" height=\"520\" src=\"http:\/\/blogdoedvaldomagalhaes.com.br\/wp-content\/uploads\/2018\/01\/lula1-1.jpg\" width=\"640\" \/><\/a><\/div>\n<div class=\"separator\" style=\"clear: both; text-align: center;\">\n<\/div>\n<div class=\"separator\" style=\"clear: both; text-align: center;\">\n<a href=\"https:\/\/1.bp.blogspot.com\/-qbBKsSdxDnU\/WmepU2rb1uI\/AAAAAAAAov8\/jkkOj3FZtQcBQiMDWE32iS-fLVo4TACFQCLcBGAs\/s1600\/lula%2B2.jpg\" imageanchor=\"1\" style=\"margin-left: 1em; margin-right: 1em;\"><img loading=\"lazy\" decoding=\"async\" border=\"0\" data-original-height=\"541\" data-original-width=\"960\" height=\"360\" src=\"http:\/\/blogdoedvaldomagalhaes.com.br\/wp-content\/uploads\/2018\/01\/lula2.jpg\" width=\"640\" \/><\/a><\/div>\n<p><\/p>\n<div class=\"separator\" style=\"clear: both; text-align: center;\">\n<a href=\"https:\/\/4.bp.blogspot.com\/-zoDmSBWbX1k\/WmepWBkkImI\/AAAAAAAAowA\/GvqJ-Fw09aQxZTua1qrvNqRbrRTilRTXQCLcBGAs\/s1600\/lula%2B3.jpg\" imageanchor=\"1\" style=\"margin-left: 1em; margin-right: 1em;\"><img loading=\"lazy\" decoding=\"async\" border=\"0\" data-original-height=\"541\" data-original-width=\"960\" height=\"360\" src=\"http:\/\/blogdoedvaldomagalhaes.com.br\/wp-content\/uploads\/2018\/01\/lula3.jpg\" width=\"640\" \/><\/a><\/div>\n<p><\/p>\n<div class=\"separator\" style=\"clear: both; text-align: center;\">\n<a href=\"https:\/\/3.bp.blogspot.com\/-JGIsRASnKXM\/WmepXdxVtyI\/AAAAAAAAowE\/Aq4cVLOeaBMfwOmIborn0m_dx1U8UKJQQCLcBGAs\/s1600\/lula%2B5.jpg\" imageanchor=\"1\" style=\"margin-left: 1em; margin-right: 1em;\"><img loading=\"lazy\" decoding=\"async\" border=\"0\" data-original-height=\"541\" data-original-width=\"960\" height=\"360\" src=\"http:\/\/blogdoedvaldomagalhaes.com.br\/wp-content\/uploads\/2018\/01\/lula5.jpg\" width=\"640\" \/><\/a><\/div>\n<p><\/p>\n<div class=\"separator\" style=\"clear: both; text-align: center;\">\n<a href=\"https:\/\/1.bp.blogspot.com\/-Xngcs-_uEwg\/WmepYvf3I4I\/AAAAAAAAowI\/ttsG3ESU7f4BLsVUuCbmBugS7r5QCj_0ACLcBGAs\/s1600\/lula%2B6.jpg\" imageanchor=\"1\" style=\"margin-left: 1em; margin-right: 1em;\"><img loading=\"lazy\" decoding=\"async\" border=\"0\" data-original-height=\"541\" data-original-width=\"960\" height=\"360\" src=\"http:\/\/blogdoedvaldomagalhaes.com.br\/wp-content\/uploads\/2018\/01\/lula6.jpg\" width=\"640\" \/><\/a><\/div>\n<p><\/p>\n<div class=\"separator\" style=\"clear: both; text-align: center;\">\n<a href=\"https:\/\/3.bp.blogspot.com\/-_ilbBI8W7II\/WmepZoM0G6I\/AAAAAAAAowM\/TbYbgwsUuWEmJ_wx5vDkzfk3zBabvQNLwCLcBGAs\/s1600\/lula%2B7.jpg\" imageanchor=\"1\" style=\"margin-left: 1em; margin-right: 1em;\"><img loading=\"lazy\" decoding=\"async\" border=\"0\" data-original-height=\"720\" data-original-width=\"960\" height=\"480\" src=\"http:\/\/blogdoedvaldomagalhaes.com.br\/wp-content\/uploads\/2018\/01\/lula7.jpg\" width=\"640\" \/><\/a><\/div>\n<p><\/p>\n<div class=\"separator\" style=\"clear: both; text-align: center;\">\n<a href=\"https:\/\/3.bp.blogspot.com\/-Fj-eHOPqW5A\/WmepbOva8-I\/AAAAAAAAowQ\/z7_rONkCUrgZLXTJ4s1Rk3o3Hnzl6z7NwCLcBGAs\/s1600\/lula%2B8.jpg\" imageanchor=\"1\" style=\"margin-left: 1em; margin-right: 1em;\"><img loading=\"lazy\" decoding=\"async\" border=\"0\" data-original-height=\"720\" data-original-width=\"960\" height=\"480\" src=\"http:\/\/blogdoedvaldomagalhaes.com.br\/wp-content\/uploads\/2018\/01\/lula8.jpg\" width=\"640\" \/><\/a><\/div>\n<p><\/p>\n<div class=\"separator\" style=\"clear: both; text-align: center;\">\n<\/div>\n<p><\/p>\n<div class=\"separator\" style=\"clear: both; text-align: center;\">\n<a href=\"https:\/\/3.bp.blogspot.com\/-HYKMWDID0Ek\/WmepdCTSFcI\/AAAAAAAAowY\/Vk2zb_GyCHcQ9CioRkD9zTLHiA3168XngCLcBGAs\/s1600\/lula%2B10.jpg\" imageanchor=\"1\" style=\"margin-left: 1em; margin-right: 1em;\"><img loading=\"lazy\" decoding=\"async\" border=\"0\" data-original-height=\"541\" data-original-width=\"960\" height=\"360\" src=\"http:\/\/blogdoedvaldomagalhaes.com.br\/wp-content\/uploads\/2018\/01\/lula10.jpg\" width=\"640\" \/><\/a><\/div>\n<p><\/p>\n<div class=\"separator\" style=\"clear: both; text-align: center;\">\n<a href=\"https:\/\/1.bp.blogspot.com\/-IE2GbPmJ5Ro\/WmepegDz_vI\/AAAAAAAAowc\/_t26We_yRnUQq452J4ubF5zSiHQzKwG7QCLcBGAs\/s1600\/lula%2B12.jpg\" imageanchor=\"1\" style=\"margin-left: 1em; margin-right: 1em;\"><img loading=\"lazy\" decoding=\"async\" border=\"0\" data-original-height=\"720\" data-original-width=\"960\" height=\"480\" src=\"http:\/\/blogdoedvaldomagalhaes.com.br\/wp-content\/uploads\/2018\/01\/lula12.jpg\" width=\"640\" \/><\/a><\/div>\n<p><\/p>\n<div class=\"separator\" style=\"clear: both; text-align: center;\">\n<a href=\"https:\/\/3.bp.blogspot.com\/-h_8f7yYaOGc\/Wmepf72vUFI\/AAAAAAAAowg\/Vn0KLNZEJKEv1EBQfCG2wk7Pdf28iUJlQCLcBGAs\/s1600\/lula%2B4.jpg\" imageanchor=\"1\" style=\"margin-left: 1em; margin-right: 1em;\"><img loading=\"lazy\" decoding=\"async\" border=\"0\" data-original-height=\"960\" data-original-width=\"540\" height=\"640\" src=\"http:\/\/blogdoedvaldomagalhaes.com.br\/wp-content\/uploads\/2018\/01\/lula4.jpg\" width=\"360\" \/><\/a><\/div>\n<p><\/p>\n<div class=\"separator\" style=\"clear: both; text-align: center;\">\n<a href=\"https:\/\/2.bp.blogspot.com\/-m-pwzLqRORI\/WmephBar3uI\/AAAAAAAAowk\/FtrrpEXyM9IXUXuEvb30LE8DAlQGSiqlQCLcBGAs\/s1600\/lula%2B11.jpg\" imageanchor=\"1\" style=\"margin-left: 1em; margin-right: 1em;\"><img loading=\"lazy\" decoding=\"async\" border=\"0\" data-original-height=\"960\" data-original-width=\"720\" height=\"640\" src=\"http:\/\/blogdoedvaldomagalhaes.com.br\/wp-content\/uploads\/2018\/01\/lula11.jpg\" width=\"480\" \/><\/a><\/div>\n<div class=\"separator\" style=\"clear: both; text-align: center;\">\n<\/div>\n<div class=\"separator\" style=\"clear: both; text-align: justify;\">\nAto em Defesa de Lula e da Democracia, foi realizado em Caruaru, na tarde desta ter\u00e7a-feira (23). Os manifestantes se reuniram em frente a ag\u00eancia do INSS, na rua Rui Barbosa, depois sa\u00edram em caminhada para o Marco Zero.&nbsp;<\/div>\n<div class=\"separator\" style=\"clear: both; text-align: justify;\">\n<\/div>\n<div class=\"separator\" style=\"clear: both; text-align: justify;\">\nO ato foi organizado pela &#8220;Frente Brasil Popular&#8221; e contou com a participa\u00e7\u00e3o de sindicatos, entidades, estudantes, movimentos sociais e partidos de esquerda.<\/div>\n<div class=\"separator\" style=\"clear: both; text-align: justify;\">\n<\/div>\n<div class=\"separator\" style=\"clear: both; text-align: justify;\">\nSegundo o 1\u00ba Batalh\u00e3o Integrado Especializado de Policiamento (Biesp), 200 pessoas participaram da manifesta\u00e7\u00e3o, enquanto que a organiza\u00e7\u00e3o do ato informou que 2.000 pessoas participam da caminhada.<\/div>\n<div class=\"separator\" style=\"clear: both; text-align: justify;\">\n<\/div>\n<div class=\"separator\" style=\"clear: both; text-align: justify;\">\nNesta quarta-feira (24), o Tribunal Regional Federal da 4\u00aa Regi\u00e3o (TRF-4), de Porto Alegre, julga o recurso de Lula contra condena\u00e7\u00e3o imposta pelo juiz S\u00e9rgio Moro, por isso,&nbsp; acontecem atos em todo o Brasil pedindo o direito de Lula ser candidato.<\/div>\n<div style=\"text-align: justify;\">\n<\/div>\n","protected":false},"excerpt":{"rendered":"<p>Ato em Defesa de Lula e da Democracia, foi realizado em Caruaru, na tarde desta ter\u00e7a-feira (23). Os manifestantes se&hellip;<\/p>\n","protected":false},"author":1,"featured_media":0,"comment_status":"open","ping_status":"open","sticky":false,"template":"","format":"standard","meta":{"footnotes":""},"categories":[1],"tags":[2,3997,6],"class_list":["post-3453","post","type-post","status-publish","format-standard","hentry","category-sem-categoria","tag-blog-do-edvaldo-magalhaes","tag-confira-como-foi-o-ato-em-defesa-de-lula-e-da-democracia-em-caruaru","tag-noticias"],"_links":{"self":[{"href":"https:\/\/blogdoedvaldomagalhaes.com.br\/index.php\/wp-json\/wp\/v2\/posts\/3453","targetHints":{"allow":["GET"]}}],"collection":[{"href":"https:\/\/blogdoedvaldomagalhaes.com.br\/index.php\/wp-json\/wp\/v2\/posts"}],"about":[{"href":"https:\/\/blogdoedvaldomagalhaes.com.br\/index.php\/wp-json\/wp\/v2\/types\/post"}],"author":[{"embeddable":true,"href":"https:\/\/blogdoedvaldomagalhaes.com.br\/index.php\/wp-json\/wp\/v2\/users\/1"}],"replies":[{"embeddable":true,"href":"https:\/\/blogdoedvaldomagalhaes.com.br\/index.php\/wp-json\/wp\/v2\/comments?post=3453"}],"version-history":[{"count":1,"href":"https:\/\/blogdoedvaldomagalhaes.com.br\/index.php\/wp-json\/wp\/v2\/posts\/3453\/revisions"}],"predecessor-version":[{"id":27923,"href":"https:\/\/blogdoedvaldomagalhaes.com.br\/index.php\/wp-json\/wp\/v2\/posts\/3453\/revisions\/27923"}],"wp:attachment":[{"href":"https:\/\/blogdoedvaldomagalhaes.com.br\/index.php\/wp-json\/wp\/v2\/media?parent=3453"}],"wp:term":[{"taxonomy":"category","embeddable":true,"href":"https:\/\/blogdoedvaldomagalhaes.com.br\/index.php\/wp-json\/wp\/v2\/categories?post=3453"},{"taxonomy":"post_tag","embeddable":true,"href":"https:\/\/blogdoedvaldomagalhaes.com.br\/index.php\/wp-json\/wp\/v2\/tags?post=3453"}],"curies":[{"name":"wp","href":"https:\/\/api.w.org\/{rel}","templated":true}]}}