{"id":344,"date":"2018-12-24T20:55:00","date_gmt":"2018-12-24T22:55:00","guid":{"rendered":"http:\/\/blogdoedvaldomagalhaes.com.br\/index.php\/2018\/12\/24\/acidente-entre-caminhao-e-carro-co\/"},"modified":"2019-02-09T02:47:40","modified_gmt":"2019-02-09T04:47:40","slug":"acidente-entre-caminhao-e-carro-co","status":"publish","type":"post","link":"https:\/\/blogdoedvaldomagalhaes.com.br\/index.php\/2018\/12\/24\/acidente-entre-caminhao-e-carro-co\/","title":{"rendered":"Acidente entre caminh\u00e3o e carro com v\u00edtima fatal na BR-408"},"content":{"rendered":"<div class=\"separator\" style=\"clear: both; text-align: center;\">\n<a href=\"https:\/\/1.bp.blogspot.com\/-A8I8Zco2JB8\/XCFFM8OgUiI\/AAAAAAABAP8\/Kc1IEDF2Uk8d0Mu7mfoooxzb3NrAUBYaACLcBGAs\/s1600\/IMG-20181224-WA0133.jpg\" imageanchor=\"1\" style=\"margin-left: 1em; margin-right: 1em;\"><img loading=\"lazy\" decoding=\"async\" border=\"0\" data-original-height=\"864\" data-original-width=\"1152\" height=\"480\" src=\"http:\/\/blogdoedvaldomagalhaes.com.br\/wp-content\/uploads\/2018\/12\/IMG-20181224-WA0133.jpg\" width=\"640\" \/><\/a><\/div>\n<div class=\"separator\" style=\"clear: both; text-align: center;\">\nFotos: Reprodu\u00e7\u00e3o\/Whatsapp<\/div>\n<div style=\"text-align: justify;\">\n<\/div>\n<div style=\"text-align: justify;\">\nO acidente aconteceu nesta segunda-feira (24), no trevo do munic\u00edpio de Nazar\u00e9 da mata, zona da mata norte, que dar acesso ao munic\u00edpio de Itaquitinga.<\/div>\n<div style=\"text-align: justify;\">\n<\/div>\n<div style=\"text-align: justify;\">\nManoel Fabr\u00edcio da Silva, idade n\u00e3o informada, faleceu no local preso \u00e0s ferragens. A acompanhante que estava no ve\u00edculo, Rut\u00eania de Oliveira Gomes, de 42 anos de idade, foi socorrida para o Hospital Erm\u00edrio Coutinho, em Nazar\u00e9 da Mata, logo ap\u00f3s foi transferida para o Hospital da Restaura\u00e7\u00e3o, em Recife.<\/div>\n<div style=\"text-align: justify;\">\n<\/div>\n<div style=\"text-align: justify;\">\nA pol\u00edcia rodovi\u00e1ria federal investigar\u00e1 o caso.<\/div>\n<p><\/p>\n<div class=\"separator\" style=\"clear: both; text-align: center;\">\n<a href=\"https:\/\/4.bp.blogspot.com\/-FqDiwxMRV5E\/XCFFQ1pz4FI\/AAAAAAABAQA\/8tFZ2p3vYkoTS9Uu8BN-DWkFmuNAQMrnACLcBGAs\/s1600\/IMG-20181224-WA0134.jpg\" imageanchor=\"1\" style=\"margin-left: 1em; margin-right: 1em;\"><img loading=\"lazy\" decoding=\"async\" border=\"0\" data-original-height=\"1152\" data-original-width=\"864\" height=\"640\" src=\"http:\/\/blogdoedvaldomagalhaes.com.br\/wp-content\/uploads\/2018\/12\/IMG-20181224-WA0134.jpg\" width=\"480\" \/><\/a><\/div>\n<p><\/p>\n<div class=\"separator\" style=\"clear: both; text-align: center;\">\n<a href=\"https:\/\/3.bp.blogspot.com\/-D0vU1wtyQUY\/XCFFUI8dJ0I\/AAAAAAABAQE\/qZixauKSwAc0Qn9un2J24toJXtW6QlEOwCLcBGAs\/s1600\/IMG-20181224-WA0126.jpg\" imageanchor=\"1\" style=\"margin-left: 1em; margin-right: 1em;\"><img loading=\"lazy\" decoding=\"async\" border=\"0\" data-original-height=\"768\" data-original-width=\"1024\" height=\"480\" src=\"http:\/\/blogdoedvaldomagalhaes.com.br\/wp-content\/uploads\/2018\/12\/IMG-20181224-WA0126.jpg\" width=\"640\" \/><\/a><\/div>\n<p><\/p>\n<div class=\"separator\" style=\"clear: both; text-align: center;\">\n<a href=\"https:\/\/1.bp.blogspot.com\/-FA_3Xvhr_kE\/XCFFW7PwDaI\/AAAAAAABAQI\/TKQoVFIhqDMoSZZuXSB8YGB2gB3gWlelwCLcBGAs\/s1600\/IMG-20181224-WA0127.jpg\" imageanchor=\"1\" style=\"margin-left: 1em; margin-right: 1em;\"><img loading=\"lazy\" decoding=\"async\" border=\"0\" data-original-height=\"768\" data-original-width=\"1024\" height=\"480\" src=\"http:\/\/blogdoedvaldomagalhaes.com.br\/wp-content\/uploads\/2018\/12\/IMG-20181224-WA0127.jpg\" width=\"640\" \/><\/a><\/div>\n<p><\/p>\n<div class=\"separator\" style=\"clear: both; text-align: center;\">\n<a href=\"https:\/\/2.bp.blogspot.com\/-fqSE1Ftcmmo\/XCFFadiuCxI\/AAAAAAABAQM\/Pa7AwpQM7gMkL6U5rWw4Nm5OHzFSgzJ0QCLcBGAs\/s1600\/IMG-20181224-WA0131.jpg\" imageanchor=\"1\" style=\"margin-left: 1em; margin-right: 1em;\"><img loading=\"lazy\" decoding=\"async\" border=\"0\" data-original-height=\"768\" data-original-width=\"1024\" height=\"480\" src=\"http:\/\/blogdoedvaldomagalhaes.com.br\/wp-content\/uploads\/2018\/12\/IMG-20181224-WA0131.jpg\" width=\"640\" \/><\/a><\/div>\n<p><\/p>\n<div class=\"separator\" style=\"clear: both; text-align: center;\">\n<a href=\"https:\/\/4.bp.blogspot.com\/-naNEmlupSYc\/XCFFdxE0WtI\/AAAAAAABAQU\/pBjWm-fA3gQ4urqwT-ziJsxxE0i7ERwSACLcBGAs\/s1600\/IMG-20181224-WA0132.jpg\" imageanchor=\"1\" style=\"margin-left: 1em; margin-right: 1em;\"><img loading=\"lazy\" decoding=\"async\" border=\"0\" data-original-height=\"864\" data-original-width=\"1152\" height=\"480\" src=\"http:\/\/blogdoedvaldomagalhaes.com.br\/wp-content\/uploads\/2018\/12\/IMG-20181224-WA0132.jpg\" width=\"640\" \/><\/a><\/div>\n<p><\/p>\n<div class=\"separator\" style=\"clear: both; text-align: center;\">\n<a href=\"https:\/\/3.bp.blogspot.com\/-uhG-HjZ6MlI\/XCFFhZLrx9I\/AAAAAAABAQY\/Ha6mc8twkNo0WJJ7a8PClkVB878DaBzpACLcBGAs\/s1600\/IMG-20181224-WA0125.jpg\" imageanchor=\"1\" style=\"margin-left: 1em; margin-right: 1em;\"><img loading=\"lazy\" decoding=\"async\" border=\"0\" data-original-height=\"864\" data-original-width=\"1152\" height=\"480\" src=\"http:\/\/blogdoedvaldomagalhaes.com.br\/wp-content\/uploads\/2018\/12\/IMG-20181224-WA0125.jpg\" width=\"640\" \/><\/a><\/div>\n<p>\nFonte: Agora Pe.<\/p>\n","protected":false},"excerpt":{"rendered":"<p>Fotos: Reprodu\u00e7\u00e3o\/Whatsapp O acidente aconteceu nesta segunda-feira (24), no trevo do munic\u00edpio de Nazar\u00e9 da mata, zona da mata norte,&hellip;<\/p>\n","protected":false},"author":1,"featured_media":0,"comment_status":"open","ping_status":"open","sticky":false,"template":"","format":"standard","meta":{"footnotes":""},"categories":[1],"tags":[2,6],"class_list":["post-344","post","type-post","status-publish","format-standard","hentry","category-sem-categoria","tag-blog-do-edvaldo-magalhaes","tag-noticias"],"_links":{"self":[{"href":"https:\/\/blogdoedvaldomagalhaes.com.br\/index.php\/wp-json\/wp\/v2\/posts\/344","targetHints":{"allow":["GET"]}}],"collection":[{"href":"https:\/\/blogdoedvaldomagalhaes.com.br\/index.php\/wp-json\/wp\/v2\/posts"}],"about":[{"href":"https:\/\/blogdoedvaldomagalhaes.com.br\/index.php\/wp-json\/wp\/v2\/types\/post"}],"author":[{"embeddable":true,"href":"https:\/\/blogdoedvaldomagalhaes.com.br\/index.php\/wp-json\/wp\/v2\/users\/1"}],"replies":[{"embeddable":true,"href":"https:\/\/blogdoedvaldomagalhaes.com.br\/index.php\/wp-json\/wp\/v2\/comments?post=344"}],"version-history":[{"count":1,"href":"https:\/\/blogdoedvaldomagalhaes.com.br\/index.php\/wp-json\/wp\/v2\/posts\/344\/revisions"}],"predecessor-version":[{"id":37120,"href":"https:\/\/blogdoedvaldomagalhaes.com.br\/index.php\/wp-json\/wp\/v2\/posts\/344\/revisions\/37120"}],"wp:attachment":[{"href":"https:\/\/blogdoedvaldomagalhaes.com.br\/index.php\/wp-json\/wp\/v2\/media?parent=344"}],"wp:term":[{"taxonomy":"category","embeddable":true,"href":"https:\/\/blogdoedvaldomagalhaes.com.br\/index.php\/wp-json\/wp\/v2\/categories?post=344"},{"taxonomy":"post_tag","embeddable":true,"href":"https:\/\/blogdoedvaldomagalhaes.com.br\/index.php\/wp-json\/wp\/v2\/tags?post=344"}],"curies":[{"name":"wp","href":"https:\/\/api.w.org\/{rel}","templated":true}]}}