{"id":343,"date":"2018-12-25T00:00:00","date_gmt":"2018-12-25T02:00:00","guid":{"rendered":"http:\/\/blogdoedvaldomagalhaes.com.br\/index.php\/2018\/12\/25\/jovens-partilham-ceia-de-natal-co\/"},"modified":"2019-02-09T02:47:41","modified_gmt":"2019-02-09T04:47:41","slug":"jovens-partilham-ceia-de-natal-co","status":"publish","type":"post","link":"https:\/\/blogdoedvaldomagalhaes.com.br\/index.php\/2018\/12\/25\/jovens-partilham-ceia-de-natal-co\/","title":{"rendered":"Jovens partilham ceia de natal com moradores de rua"},"content":{"rendered":"<p><\/p>\n<div class=\"separator\" style=\"clear: both; text-align: center;\">\n<a href=\"https:\/\/4.bp.blogspot.com\/-TmL9Q-ynwac\/XCFXm8m1-nI\/AAAAAAABAQo\/vfDtFiaKhSIk52-0vwF_R-bobVp9nrpyACLcBGAs\/s1600\/Natal%2B%25281%2529.jpg\" imageanchor=\"1\" style=\"margin-left: 1em; margin-right: 1em;\"><img loading=\"lazy\" decoding=\"async\" border=\"0\" data-original-height=\"1280\" data-original-width=\"960\" height=\"640\" src=\"http:\/\/blogdoedvaldomagalhaes.com.br\/wp-content\/uploads\/2018\/12\/Natal28129.jpg\" width=\"480\" \/><\/a><\/div>\n<div style=\"margin: 0cm 0cm 0.0001pt; text-align: justify;\">\n<\/div>\n<div style=\"margin: 0cm 0cm 0.0001pt; text-align: justify;\">\nDezoito jovens se reuniram na \u00faltima sexta-feira<br \/>\n(20), para distribu\u00edrem alguns alimentos, que arrecadaram nas \u00faltimas semanas,<br \/>\npara moradores de rua, que se instalam pelas cal\u00e7adas do munic\u00edpio de Caruaru.<\/div>\n<div style=\"margin: 0cm 0cm 0.0001pt; text-align: justify;\">\n<\/div>\n<div style=\"margin: 0cm 0cm 0.0001pt; text-align: justify;\">\nEram refei\u00e7\u00f5es com arroz, estrogonofe,<br \/>\nbatata palha e refrigerante; alimentos que essas pessoas geralmente n\u00e3o<br \/>\nconseguem ter acesso, portanto, ficaram extremamente felizes e demonstraram<br \/>\nenorme gratid\u00e3o por esse pequeno gesto. Al\u00e9m disso, tamb\u00e9m foram distribu\u00eddos<br \/>\nkits com ra\u00e7\u00f5es para animais de rua.<\/div>\n<div style=\"margin: 0cm 0cm 0.0001pt; text-align: justify;\">\n<\/div>\n<div class=\"separator\" style=\"clear: both; text-align: center;\">\n<a href=\"https:\/\/2.bp.blogspot.com\/-RrEBBex9hJk\/XCFXvzdbrfI\/AAAAAAABAQs\/B_kzTMNilx4NeeORf78QG3FC3cHfuGxQACLcBGAs\/s1600\/Natal%2B%25282%2529.jpg\" imageanchor=\"1\" style=\"margin-left: 1em; margin-right: 1em;\"><img loading=\"lazy\" decoding=\"async\" border=\"0\" data-original-height=\"1280\" data-original-width=\"960\" height=\"640\" src=\"http:\/\/blogdoedvaldomagalhaes.com.br\/wp-content\/uploads\/2018\/12\/Natal28229.jpg\" width=\"480\" \/><\/a><\/div>\n<div style=\"margin: 0cm 0cm 0.0001pt; text-align: justify;\">\n<\/div>\n<div style=\"margin: 0cm 0cm 0.0001pt; text-align: justify;\">\nEsses jovens pertencem a um grupo chamado de Juventude Franciscana (JUFRA). Eles passaram pelo terminal rodovi\u00e1rio,<br \/>\nlugar que em sua \u00e1rea externa abriga pessoas de diferentes idades, inclusive<br \/>\ncrian\u00e7as; em seguida, foram para a Rua Quinze de Novembro, no Centro; e por fim<br \/>\npara o Hospital Regional do Agreste.<\/div>\n<div style=\"margin: 0cm 0cm 0.0001pt; text-align: justify;\">\n<\/div>\n<div style=\"-webkit-text-stroke-width: 0px; font-variant-caps: normal; font-variant-ligatures: normal; margin: 0cm 0cm 0.0001pt; orphans: 2; text-align: justify; text-decoration-color: initial; text-decoration-style: initial; widows: 2; word-spacing: 0px;\">\n\u201cO sentimento depois desta experi\u00eancia<br \/>\n\u00e9 que de alguma forma contribu\u00edmos para a felicidade dessas pessoas em uma<br \/>\n\u00e9poca t\u00e3o especial como o Natal.\u201d Relata a administradora Wilma Silva,<br \/>\npertencente ao grupo.<\/div>\n<div style=\"-webkit-text-stroke-width: 0px; font-variant-caps: normal; font-variant-ligatures: normal; margin: 0cm 0cm 0.0001pt; orphans: 2; text-align: justify; text-decoration-color: initial; text-decoration-style: initial; widows: 2; word-spacing: 0px;\">\n<\/div>\n<div class=\"separator\" style=\"clear: both; text-align: center;\">\n<a href=\"https:\/\/1.bp.blogspot.com\/-lEnaJAV6zPo\/XCFX9KKWu0I\/AAAAAAABAQ0\/gYCX6Sl028UqYbxuxQ-WVLwP7WsaLavhwCLcBGAs\/s1600\/Natal%2B%25283%2529.jpg\" imageanchor=\"1\" style=\"margin-left: 1em; margin-right: 1em;\"><img loading=\"lazy\" decoding=\"async\" border=\"0\" data-original-height=\"1280\" data-original-width=\"960\" height=\"640\" src=\"http:\/\/blogdoedvaldomagalhaes.com.br\/wp-content\/uploads\/2018\/12\/Natal28329.jpg\" width=\"480\" \/><\/a><\/div>\n<div style=\"margin: 0cm 0cm 0.0001pt; text-align: justify;\">\n<\/div>\n<div style=\"margin: 0cm 0cm 0.0001pt; text-align: justify;\">\n&#8220;Foi um momento de imensa alegria e uma forma de gratid\u00e3o a<br \/>\nDeus por poder proporcionar \u00e0queles que nada tem, um pouco de conforto e<br \/>\ndemonstrar que existem pessoas que se importam com eles.\u201d Relata a arquiteta<br \/>\nAryanne Ferreira, tamb\u00e9m membro da JUFRA.<\/div>\n","protected":false},"excerpt":{"rendered":"<p>Dezoito jovens se reuniram na \u00faltima sexta-feira (20), para distribu\u00edrem alguns alimentos, que arrecadaram nas \u00faltimas semanas, para moradores de&hellip;<\/p>\n","protected":false},"author":1,"featured_media":0,"comment_status":"open","ping_status":"open","sticky":false,"template":"","format":"standard","meta":{"footnotes":""},"categories":[1],"tags":[311,2,312,313,314,315,6,316,317],"class_list":["post-343","post","type-post","status-publish","format-standard","hentry","category-sem-categoria","tag-aryanne-ferreira","tag-blog-do-edvaldo-magalhaes","tag-hospital-regional-do-agreste","tag-jovens-partilham-ceia-de-natal-com-moradores-de-rua","tag-jufra","tag-juventude-franciscana","tag-noticias","tag-rua-quinze-de-novembro","tag-wilma-silva"],"_links":{"self":[{"href":"https:\/\/blogdoedvaldomagalhaes.com.br\/index.php\/wp-json\/wp\/v2\/posts\/343","targetHints":{"allow":["GET"]}}],"collection":[{"href":"https:\/\/blogdoedvaldomagalhaes.com.br\/index.php\/wp-json\/wp\/v2\/posts"}],"about":[{"href":"https:\/\/blogdoedvaldomagalhaes.com.br\/index.php\/wp-json\/wp\/v2\/types\/post"}],"author":[{"embeddable":true,"href":"https:\/\/blogdoedvaldomagalhaes.com.br\/index.php\/wp-json\/wp\/v2\/users\/1"}],"replies":[{"embeddable":true,"href":"https:\/\/blogdoedvaldomagalhaes.com.br\/index.php\/wp-json\/wp\/v2\/comments?post=343"}],"version-history":[{"count":1,"href":"https:\/\/blogdoedvaldomagalhaes.com.br\/index.php\/wp-json\/wp\/v2\/posts\/343\/revisions"}],"predecessor-version":[{"id":37124,"href":"https:\/\/blogdoedvaldomagalhaes.com.br\/index.php\/wp-json\/wp\/v2\/posts\/343\/revisions\/37124"}],"wp:attachment":[{"href":"https:\/\/blogdoedvaldomagalhaes.com.br\/index.php\/wp-json\/wp\/v2\/media?parent=343"}],"wp:term":[{"taxonomy":"category","embeddable":true,"href":"https:\/\/blogdoedvaldomagalhaes.com.br\/index.php\/wp-json\/wp\/v2\/categories?post=343"},{"taxonomy":"post_tag","embeddable":true,"href":"https:\/\/blogdoedvaldomagalhaes.com.br\/index.php\/wp-json\/wp\/v2\/tags?post=343"}],"curies":[{"name":"wp","href":"https:\/\/api.w.org\/{rel}","templated":true}]}}