{"id":342,"date":"2018-12-25T01:17:00","date_gmt":"2018-12-25T03:17:00","guid":{"rendered":"http:\/\/blogdoedvaldomagalhaes.com.br\/index.php\/2018\/12\/25\/familia-tem-casa-invadida-por-ladroes\/"},"modified":"2019-02-09T02:47:41","modified_gmt":"2019-02-09T04:47:41","slug":"familia-tem-casa-invadida-por-ladroes","status":"publish","type":"post","link":"https:\/\/blogdoedvaldomagalhaes.com.br\/index.php\/2018\/12\/25\/familia-tem-casa-invadida-por-ladroes\/","title":{"rendered":"Fam\u00edlia tem casa invadida por ladr\u00f5es em Santa Cruz do Capibaribe"},"content":{"rendered":"<div class=\"separator\" style=\"clear: both; text-align: center;\">\n<a href=\"https:\/\/1.bp.blogspot.com\/-po9zAelpN9Y\/XCGEfvl6g0I\/AAAAAAABARA\/ka3GWplFxSEIVIJgZOlgU76iTvtJg1VowCLcBGAs\/s1600\/IMG-20181224-WA0258.jpg\" imageanchor=\"1\" style=\"margin-left: 1em; margin-right: 1em;\"><img loading=\"lazy\" decoding=\"async\" border=\"0\" data-original-height=\"416\" data-original-width=\"616\" height=\"432\" src=\"http:\/\/blogdoedvaldomagalhaes.com.br\/wp-content\/uploads\/2018\/12\/IMG-20181224-WA0258.jpg\" width=\"640\" \/><\/a><\/div>\n<p><\/p>\n<div style=\"text-align: justify;\">\nNesta segunda-feira (24) uma fam\u00edlia que reside em Santa Cruz do Capibaribe teve sua casa invadida por bandidos. O caso aconteceu durante a madrugada em uma resid\u00eancia na Rua Wanderbilte Dias Bezerra (bairro Nova Santa Cruz).<\/div>\n<div style=\"text-align: justify;\">\n<\/div>\n<div style=\"text-align: justify;\">\nDe acordo com informa\u00e7\u00f5es prestadas por familiares, as propriet\u00e1rias do im\u00f3vel (que n\u00e3o ter\u00e3o seus nomes divulgados) estavam em um s\u00edtio na zona rural quando uma das irm\u00e3s teria ido \u00e0 casa, ainda pela manh\u00e3, para alimentar alguns peixes e percebeu que o im\u00f3vel estava arrombado.<\/div>\n<div style=\"text-align: justify;\">\n<\/div>\n<div style=\"text-align: justify;\">\nAo entrar, se deparou com m\u00f3veis revirados e pertences pessoais espalhados pelos quartos. Ainda de acordo com familiares, estima-se que o preju\u00edzo causado pelos bandidos ultrapasse os R$ 10 mil, j\u00e1 que mercadorias, dinheiro, pertences pessoais, joias e uma TV foram levados.<\/div>\n<div style=\"text-align: justify;\">\n<\/div>\n<div style=\"text-align: justify;\">\nPara eles, pela quantidade de pertences levados, os bandidos podem ter feito uso de um carro e tiveram bastante tempo para a pr\u00e1tica do crime, j\u00e1 que eles teriam consumido bebidas e alimentos que estavam na casa. O caso foi apresentado na delegacia do munic\u00edpio.<\/div>\n<div style=\"text-align: justify;\">\n<\/div>\n<div style=\"text-align: justify;\">\nFonte: Blog do Ney Lima.<\/div>\n","protected":false},"excerpt":{"rendered":"<p>Nesta segunda-feira (24) uma fam\u00edlia que reside em Santa Cruz do Capibaribe teve sua casa invadida por bandidos. O caso&hellip;<\/p>\n","protected":false},"author":1,"featured_media":0,"comment_status":"open","ping_status":"open","sticky":false,"template":"","format":"standard","meta":{"footnotes":""},"categories":[1],"tags":[2,6],"class_list":["post-342","post","type-post","status-publish","format-standard","hentry","category-sem-categoria","tag-blog-do-edvaldo-magalhaes","tag-noticias"],"_links":{"self":[{"href":"https:\/\/blogdoedvaldomagalhaes.com.br\/index.php\/wp-json\/wp\/v2\/posts\/342","targetHints":{"allow":["GET"]}}],"collection":[{"href":"https:\/\/blogdoedvaldomagalhaes.com.br\/index.php\/wp-json\/wp\/v2\/posts"}],"about":[{"href":"https:\/\/blogdoedvaldomagalhaes.com.br\/index.php\/wp-json\/wp\/v2\/types\/post"}],"author":[{"embeddable":true,"href":"https:\/\/blogdoedvaldomagalhaes.com.br\/index.php\/wp-json\/wp\/v2\/users\/1"}],"replies":[{"embeddable":true,"href":"https:\/\/blogdoedvaldomagalhaes.com.br\/index.php\/wp-json\/wp\/v2\/comments?post=342"}],"version-history":[{"count":1,"href":"https:\/\/blogdoedvaldomagalhaes.com.br\/index.php\/wp-json\/wp\/v2\/posts\/342\/revisions"}],"predecessor-version":[{"id":37126,"href":"https:\/\/blogdoedvaldomagalhaes.com.br\/index.php\/wp-json\/wp\/v2\/posts\/342\/revisions\/37126"}],"wp:attachment":[{"href":"https:\/\/blogdoedvaldomagalhaes.com.br\/index.php\/wp-json\/wp\/v2\/media?parent=342"}],"wp:term":[{"taxonomy":"category","embeddable":true,"href":"https:\/\/blogdoedvaldomagalhaes.com.br\/index.php\/wp-json\/wp\/v2\/categories?post=342"},{"taxonomy":"post_tag","embeddable":true,"href":"https:\/\/blogdoedvaldomagalhaes.com.br\/index.php\/wp-json\/wp\/v2\/tags?post=342"}],"curies":[{"name":"wp","href":"https:\/\/api.w.org\/{rel}","templated":true}]}}