{"id":34,"date":"2019-02-06T10:37:00","date_gmt":"2019-02-06T12:37:00","guid":{"rendered":"http:\/\/blogdoedvaldomagalhaes.com.br\/index.php\/2019\/02\/06\/central-enfrenta-o-ceara-em-caruaru\/"},"modified":"2019-02-10T10:52:09","modified_gmt":"2019-02-10T13:52:09","slug":"central-enfrenta-o-ceara-em-caruaru","status":"publish","type":"post","link":"https:\/\/blogdoedvaldomagalhaes.com.br\/index.php\/2019\/02\/06\/central-enfrenta-o-ceara-em-caruaru\/","title":{"rendered":"Central enfrenta o Cear\u00e1 em Caruaru pela Copa do Brasil nesta quarta (6)"},"content":{"rendered":"<div class=\"separator\" style=\"clear: both; text-align: center;\"><a style=\"margin-left: 1em; margin-right: 1em;\" href=\"https:\/\/3.bp.blogspot.com\/-rghWHCJ4XAc\/XFq4tWcHmvI\/AAAAAAABCDU\/iVqzPCZP2LAfjKksrwYgTg7nzrFbP4CDwCLcBGAs\/s1600\/Central-1024x768.jpg\"><img loading=\"lazy\" decoding=\"async\" src=\"http:\/\/blogdoedvaldomagalhaes.com.br\/wp-content\/uploads\/2019\/02\/Central-1024x768.jpg\" width=\"640\" height=\"480\" border=\"0\" data-original-height=\"768\" data-original-width=\"1024\" \/><\/a><\/div>\n<div class=\"separator\" style=\"clear: both; text-align: center;\">Foto: Carlos Recupero\/Central SC<\/div>\n<div style=\"background-color: white; box-sizing: border-box; line-height: 24px; margin-bottom: 10px; text-align: justify;\">O Central enfrentar o Cear\u00e1, no Est\u00e1dio Luiz Jos\u00e9 de Lacerda (Lacerd\u00e3o), \u00e0s 21h15, desta quarta-feira (06), pela Copa do Brasil. A diretoria centralina colocou sete mil ingressos para a venda. Para a partida, o t\u00e9cnico Estevam Soares vai poder contar dois novos refor\u00e7os \u2013 zagueiro Yuri e atacante Marlon.<\/div>\n<div style=\"background-color: white; box-sizing: border-box; line-height: 24px; margin-bottom: 10px; text-align: justify;\">A Patativa deve entrar em campo com Jeferson; Dudu Gago, Xand\u00e3o, Bruno Oliveira e Daniel; Fernando Pires, Eduardo Er\u00ea, Paulinho Mossor\u00f3 e Murilo Rangel; Giovani Rosa e Leandro Costa.<\/p>\n<p>No Cear\u00e1, Diogo machucou a m\u00e3o direita e, com suspeita de fratura, est\u00e1 vetado para o jogo. Fernando Henrique vai viajar para ficar como op\u00e7\u00e3o no banco de reservas. Para a partida, o Cear\u00e1 deve atuar com: Richard; Samuel Xavier, Luz Ot\u00e1vio, Valdo, Felipe Jonatan; Edinho, Juninho, Ricardinho e Felipe Baxola; Vitor Feij\u00e3o e Ricardo Bueno.<\/p>\n<div class=\"content-ads content-ads--outside-grid\" style=\"border: 0px; box-sizing: inherit; color: #333333; font-family: opensans, helvetica, arial, sans-serif; font-size: 18px; font-stretch: inherit; font-variant-east-asian: inherit; font-variant-numeric: inherit; line-height: inherit; margin: 0px; padding: 0px; text-align: start; vertical-align: baseline;\" data-block-id=\"5\" data-block-type=\"ads\">\n<div id=\"banner_materia2\" class=\"tag-manager-publicidade-container has-ad-lazyload tag-manager-publicidade-banner_materia2 tag-manager-publicidade-container--carregado tag-manager-publicidade-container--visivel\" style=\"background-clip: content-box; background-color: transparent; border: 0px; box-sizing: inherit; font: inherit; margin: 0px; padding: 0px; position: relative; vertical-align: baseline;\" data-cid=\"null\" data-google-query-id=\"CO-4j5z3puACFRbI4wcdooID6A\" data-id=\"banner_materia2\" data-lid=\"null\"><\/div>\n<\/div>\n<\/div>\n","protected":false},"excerpt":{"rendered":"<p>Foto: Carlos Recupero\/Central SC O Central enfrentar o Cear\u00e1, no Est\u00e1dio Luiz Jos\u00e9 de Lacerda (Lacerd\u00e3o), \u00e0s 21h15, desta quarta-feira&hellip;<\/p>\n","protected":false},"author":1,"featured_media":37988,"comment_status":"open","ping_status":"open","sticky":false,"template":"","format":"standard","meta":{"footnotes":""},"categories":[14124,14123],"tags":[2,40,3],"class_list":["post-34","post","type-post","status-publish","format-standard","has-post-thumbnail","hentry","category-centralsc","category-futebol","tag-blog-do-edvaldo-magalhaes","tag-central-enfrenta-o-ceara-em-caruaru-pela-copa-do-brasil-nesta-quarta-6","tag-futebol"],"_links":{"self":[{"href":"https:\/\/blogdoedvaldomagalhaes.com.br\/index.php\/wp-json\/wp\/v2\/posts\/34","targetHints":{"allow":["GET"]}}],"collection":[{"href":"https:\/\/blogdoedvaldomagalhaes.com.br\/index.php\/wp-json\/wp\/v2\/posts"}],"about":[{"href":"https:\/\/blogdoedvaldomagalhaes.com.br\/index.php\/wp-json\/wp\/v2\/types\/post"}],"author":[{"embeddable":true,"href":"https:\/\/blogdoedvaldomagalhaes.com.br\/index.php\/wp-json\/wp\/v2\/users\/1"}],"replies":[{"embeddable":true,"href":"https:\/\/blogdoedvaldomagalhaes.com.br\/index.php\/wp-json\/wp\/v2\/comments?post=34"}],"version-history":[{"count":4,"href":"https:\/\/blogdoedvaldomagalhaes.com.br\/index.php\/wp-json\/wp\/v2\/posts\/34\/revisions"}],"predecessor-version":[{"id":38247,"href":"https:\/\/blogdoedvaldomagalhaes.com.br\/index.php\/wp-json\/wp\/v2\/posts\/34\/revisions\/38247"}],"wp:featuredmedia":[{"embeddable":true,"href":"https:\/\/blogdoedvaldomagalhaes.com.br\/index.php\/wp-json\/wp\/v2\/media\/37988"}],"wp:attachment":[{"href":"https:\/\/blogdoedvaldomagalhaes.com.br\/index.php\/wp-json\/wp\/v2\/media?parent=34"}],"wp:term":[{"taxonomy":"category","embeddable":true,"href":"https:\/\/blogdoedvaldomagalhaes.com.br\/index.php\/wp-json\/wp\/v2\/categories?post=34"},{"taxonomy":"post_tag","embeddable":true,"href":"https:\/\/blogdoedvaldomagalhaes.com.br\/index.php\/wp-json\/wp\/v2\/tags?post=34"}],"curies":[{"name":"wp","href":"https:\/\/api.w.org\/{rel}","templated":true}]}}