{"id":3371,"date":"2018-02-01T12:48:00","date_gmt":"2018-02-01T14:48:00","guid":{"rendered":"http:\/\/blogdoedvaldomagalhaes.com.br\/index.php\/2018\/02\/01\/policia-apreende-arma-de-fogo-que\/"},"modified":"2019-02-09T02:00:44","modified_gmt":"2019-02-09T04:00:44","slug":"policia-apreende-arma-de-fogo-que","status":"publish","type":"post","link":"https:\/\/blogdoedvaldomagalhaes.com.br\/index.php\/2018\/02\/01\/policia-apreende-arma-de-fogo-que\/","title":{"rendered":"Pol\u00edcia apreende arma de fogo que estava com v\u00edtima de acidente de moto"},"content":{"rendered":"<div class=\"separator\" style=\"clear: both; text-align: center;\">\n<a href=\"https:\/\/1.bp.blogspot.com\/-jpJgwGJo8rg\/WnMKyZ7DGLI\/AAAAAAAApR8\/o3nNK2PyI2cq5nlKZHk8r8uBjjj4pIqigCLcBGAs\/s1600\/IMG-20180201-WA0021.jpg\" imageanchor=\"1\" style=\"margin-left: 1em; margin-right: 1em;\"><img loading=\"lazy\" decoding=\"async\" border=\"0\" data-original-height=\"1152\" data-original-width=\"864\" height=\"640\" src=\"http:\/\/blogdoedvaldomagalhaes.com.br\/wp-content\/uploads\/2018\/02\/IMG-20180201-WA0021.jpg\" width=\"480\" \/><\/a><\/div>\n<div class=\"separator\" style=\"clear: both; text-align: center;\">\nFotos: Divulga\u00e7\u00e3o\/PMPE<\/div>\n<div class=\"separator\" style=\"clear: both; text-align: center;\">\n<a href=\"https:\/\/3.bp.blogspot.com\/-_kzK96x7aco\/WnMK1dqvYAI\/AAAAAAAApSA\/i2nfg0JK0KsCLizO-CYnsyJA8BWCIZpTwCLcBGAs\/s1600\/IMG-20180201-WA0022.jpg\" imageanchor=\"1\" style=\"margin-left: 1em; margin-right: 1em;\"><img loading=\"lazy\" decoding=\"async\" border=\"0\" data-original-height=\"1040\" data-original-width=\"585\" height=\"640\" src=\"http:\/\/blogdoedvaldomagalhaes.com.br\/wp-content\/uploads\/2018\/02\/IMG-20180201-WA0022.jpg\" width=\"360\" \/><\/a><\/div>\n<p><\/p>\n<div style=\"text-align: justify;\">\nNessa quarta-feira (31), por volta das 18h &nbsp;quando em deslocamento de Toritama para a cidade de Cachoeirinha, uma Equipe do BEPI, se deparou &nbsp;com um acidente de tr\u00e2nsito.na Av Jos\u00e9 Rodrigues de Jesus, bairro Indian\u00f3polis, &nbsp;pr\u00f3ximo \u00e0 Secretaria de Educa\u00e7\u00e3o, na cidade de Caruaru. A equipe avistou &nbsp;uma motocicleta Honda 125 fan, vermelha, de placa *PFL-4690,* ca\u00edda ao ch\u00e3o, juntamente com o condutor, identificado &nbsp;posteriormente como sendo a pessoa de Ant\u00f4nio Herm\u00ednio de Albuquerque J\u00fanior, a equipe parou &nbsp;para prestar socorro \u00e0 v\u00edtima, no que foi acionado &nbsp;o SAMU e a DESTRA, a equipe fez a aproxima\u00e7\u00e3o &nbsp;da v\u00edtima, e percebeu &nbsp;que a mesma portava uma arma de fogo em sua cintura, de imediato foi apreendida a arma: *um rev\u00f3lver, cal 32* , da marca ina, n\u00famero 00468, com tambor para 06 muni\u00e7\u00f5es, oxidado com 06 muni\u00e7\u00f5es de mesmo calibre, sendo 03 intactas,02 pinadas e 01 deflagrada,todas da marca CBC.<\/div>\n<div style=\"text-align: justify;\">\n<\/div>\n<div style=\"text-align: justify;\">\nA v\u00edtima foi levada para o HRA, para atendimento m\u00e9dico, onde ficou internada. O material apreendido foi conduzido &nbsp;para delegacia de Caruaru, sendo instaurado um Inqu\u00e9rito Policial por portaria.<\/div>\n","protected":false},"excerpt":{"rendered":"<p>Fotos: Divulga\u00e7\u00e3o\/PMPE Nessa quarta-feira (31), por volta das 18h &nbsp;quando em deslocamento de Toritama para a cidade de Cachoeirinha, uma&hellip;<\/p>\n","protected":false},"author":1,"featured_media":0,"comment_status":"open","ping_status":"open","sticky":false,"template":"","format":"standard","meta":{"footnotes":""},"categories":[1],"tags":[2,3880,13],"class_list":["post-3371","post","type-post","status-publish","format-standard","hentry","category-sem-categoria","tag-blog-do-edvaldo-magalhaes","tag-policia-apreende-arma-de-fogo-que-estava-com-vitima-de-acidente-de-moto","tag-policial"],"_links":{"self":[{"href":"https:\/\/blogdoedvaldomagalhaes.com.br\/index.php\/wp-json\/wp\/v2\/posts\/3371","targetHints":{"allow":["GET"]}}],"collection":[{"href":"https:\/\/blogdoedvaldomagalhaes.com.br\/index.php\/wp-json\/wp\/v2\/posts"}],"about":[{"href":"https:\/\/blogdoedvaldomagalhaes.com.br\/index.php\/wp-json\/wp\/v2\/types\/post"}],"author":[{"embeddable":true,"href":"https:\/\/blogdoedvaldomagalhaes.com.br\/index.php\/wp-json\/wp\/v2\/users\/1"}],"replies":[{"embeddable":true,"href":"https:\/\/blogdoedvaldomagalhaes.com.br\/index.php\/wp-json\/wp\/v2\/comments?post=3371"}],"version-history":[{"count":1,"href":"https:\/\/blogdoedvaldomagalhaes.com.br\/index.php\/wp-json\/wp\/v2\/posts\/3371\/revisions"}],"predecessor-version":[{"id":28108,"href":"https:\/\/blogdoedvaldomagalhaes.com.br\/index.php\/wp-json\/wp\/v2\/posts\/3371\/revisions\/28108"}],"wp:attachment":[{"href":"https:\/\/blogdoedvaldomagalhaes.com.br\/index.php\/wp-json\/wp\/v2\/media?parent=3371"}],"wp:term":[{"taxonomy":"category","embeddable":true,"href":"https:\/\/blogdoedvaldomagalhaes.com.br\/index.php\/wp-json\/wp\/v2\/categories?post=3371"},{"taxonomy":"post_tag","embeddable":true,"href":"https:\/\/blogdoedvaldomagalhaes.com.br\/index.php\/wp-json\/wp\/v2\/tags?post=3371"}],"curies":[{"name":"wp","href":"https:\/\/api.w.org\/{rel}","templated":true}]}}