{"id":3366,"date":"2018-02-01T19:02:00","date_gmt":"2018-02-01T21:02:00","guid":{"rendered":"http:\/\/blogdoedvaldomagalhaes.com.br\/index.php\/2018\/02\/01\/confira-as-atracoes-do-carnaval-dos\/"},"modified":"2019-02-09T02:00:49","modified_gmt":"2019-02-09T04:00:49","slug":"confira-as-atracoes-do-carnaval-dos","status":"publish","type":"post","link":"https:\/\/blogdoedvaldomagalhaes.com.br\/index.php\/2018\/02\/01\/confira-as-atracoes-do-carnaval-dos\/","title":{"rendered":"Confira as atra\u00e7\u00f5es do Carnaval dos Papangus 2018 em Bezerros-PE"},"content":{"rendered":"<div style=\"text-align: justify;\">\n<\/div>\n<div class=\"separator\" style=\"clear: both; text-align: center;\">\n<a href=\"https:\/\/4.bp.blogspot.com\/-8wWbokRAiTI\/WnNjVZW8dKI\/AAAAAAAApT4\/hMfKt7fkE84294ogAP7uIeB0VnbPdq88wCLcBGAs\/s1600\/bezerros.jpg\" imageanchor=\"1\" style=\"margin-left: 1em; margin-right: 1em;\"><img loading=\"lazy\" decoding=\"async\" border=\"0\" data-original-height=\"900\" data-original-width=\"1600\" height=\"360\" src=\"http:\/\/blogdoedvaldomagalhaes.com.br\/wp-content\/uploads\/2018\/02\/bezerros.jpg\" width=\"640\" \/><\/a><\/div>\n<div class=\"separator\" style=\"clear: both; text-align: center;\">\n<\/div>\n<div style=\"text-align: center;\">\nFoto: Reprodu\u00e7\u00e3o\/Internet<\/div>\n<div style=\"text-align: justify;\">\n<\/div>\n<div style=\"text-align: justify;\">\nO Carnaval de Bezerros 2018 promete uma grande festa, com v\u00e1rias atra\u00e7\u00f5es e muitas cores.&nbsp;Conhecida tamb\u00e9m como \u201cFolia do Papangu\u201d, o evento j\u00e1 \u00e9 uma tradi\u00e7\u00e3o de v\u00e1rios anos da regi\u00e3o e atrai diversos turistas de outras cidades e estados pela sua cultura, cores e anima\u00e7\u00e3o, sendo&nbsp;o 3\u00b0 polo mais procurado do Estado de Pernambuco e \u00e9 marcado pelos conhecidos Papangus de Bezerros.<\/div>\n<div style=\"text-align: justify;\">\n<\/div>\n<div style=\"text-align: justify;\">\nConfira a programa\u00e7\u00e3o completa:<\/div>\n<div class=\"mc-column content-text active-extra-styles \" data-block-id=\"5\" data-block-type=\"unstyled\" data-block-weight=\"10\" style=\"background-color: white; border: 0px; box-sizing: inherit; float: none; font-stretch: inherit; font-variant-east-asian: inherit; font-variant-numeric: inherit; letter-spacing: -0.6px; line-height: 1.77; margin: 0px auto 30px; max-width: 42.5rem; overflow-wrap: break-word; padding: 0px 1rem; vertical-align: baseline; width: 680px;\">\n<div class=\"content-text__container \" data-track-category=\"Link no Texto\" data-track-links=\"\" style=\"border: 0px; box-sizing: inherit; font-stretch: inherit; font-style: inherit; font-variant: inherit; font-weight: inherit; line-height: inherit; padding: 0px; vertical-align: baseline;\">\n<\/div>\n<div style=\"text-align: justify;\">\n<em style=\"border: 0px; box-sizing: inherit; font-family: Arial, Helvetica, sans-serif; font-size: x-large; font-stretch: inherit; font-variant: inherit; font-weight: inherit; letter-spacing: -0.6px; line-height: inherit; margin: 0px; padding: 0px; vertical-align: baseline;\">Palco 1<\/em><\/div>\n<p><\/p>\n<div style=\"text-align: justify;\">\n10\/02 (S\u00e1bado)<\/div>\n<div style=\"text-align: justify;\">\n21h Banda Nathyblue<\/div>\n<div style=\"text-align: justify;\">\n23h Elifas Jr.<\/div>\n<\/div>\n<div class=\"mc-column content-text active-extra-styles \" data-block-id=\"6\" data-block-type=\"unstyled\" data-block-weight=\"32\" style=\"background-color: white; border: 0px; box-sizing: inherit; float: none; font-stretch: inherit; font-variant-east-asian: inherit; font-variant-numeric: inherit; letter-spacing: -0.6px; line-height: 1.77; margin: 0px auto 30px; max-width: 42.5rem; overflow-wrap: break-word; padding: 0px 1rem; vertical-align: baseline; width: 680px;\">\n<div class=\"content-text__container \" data-track-category=\"Link no Texto\" data-track-links=\"\" style=\"border: 0px; box-sizing: inherit; font-stretch: inherit; font-style: inherit; font-variant: inherit; font-weight: inherit; line-height: inherit; padding: 0px; vertical-align: baseline;\">\n<\/div>\n<div style=\"text-align: justify;\">\n11\/02 (Domingo)<\/div>\n<p><\/p>\n<div style=\"text-align: justify;\">\n10h Renan Cruz e Banda&nbsp;<\/div>\n<div style=\"text-align: justify;\">\n12h Banda Cul\u00e9 De X\u00e1 No Ritmo Do Frevo&nbsp;<\/div>\n<div style=\"text-align: justify;\">\n14h Henrique Barbosa&nbsp;<\/div>\n<div style=\"text-align: justify;\">\n16h Alceu Valen\u00e7a&nbsp;<\/div>\n<div style=\"text-align: justify;\">\n18h Leo Vibe&nbsp;<\/div>\n<div style=\"text-align: justify;\">\n20h Banda Vice Versa&nbsp;<\/div>\n<div style=\"text-align: justify;\">\n22h Oficina Agreste<\/div>\n<\/div>\n<div class=\"mc-column content-text active-extra-styles \" data-block-id=\"7\" data-block-type=\"unstyled\" data-block-weight=\"28\" style=\"background-color: white; border: 0px; box-sizing: inherit; float: none; font-stretch: inherit; font-variant-east-asian: inherit; font-variant-numeric: inherit; letter-spacing: -0.6px; line-height: 1.77; margin: 0px auto 30px; max-width: 42.5rem; overflow-wrap: break-word; padding: 0px 1rem; vertical-align: baseline; width: 680px;\">\n<div class=\"content-text__container \" data-track-category=\"Link no Texto\" data-track-links=\"\" style=\"border: 0px; box-sizing: inherit; font-stretch: inherit; font-style: inherit; font-variant: inherit; font-weight: inherit; line-height: inherit; padding: 0px; vertical-align: baseline;\">\n<\/div>\n<div style=\"text-align: justify;\">\n12\/02 (Segunda)&nbsp;<\/div>\n<p><\/p>\n<div style=\"text-align: justify;\">\n11h Banda O Pelot\u00e3o<\/div>\n<div style=\"text-align: justify;\">\n13h Benil<\/div>\n<div style=\"text-align: justify;\">\n15h Banda Santa Clara&nbsp;<\/div>\n<div style=\"text-align: justify;\">\n17h Banda Som Brasil 1<\/div>\n<div style=\"text-align: justify;\">\n9h Spok Frevo Orquestra&nbsp;<\/div>\n<div style=\"text-align: justify;\">\n21h Banda Forr\u00f3 Topado<\/div>\n<div style=\"text-align: justify;\">\n23h Andr\u00e9 Cantor<\/div>\n<\/div>\n<div class=\"mc-column content-text active-extra-styles \" data-block-id=\"8\" data-block-type=\"unstyled\" data-block-weight=\"28\" style=\"background-color: white; border: 0px; box-sizing: inherit; float: none; font-stretch: inherit; font-variant-east-asian: inherit; font-variant-numeric: inherit; letter-spacing: -0.6px; line-height: 1.77; margin: 0px auto 30px; max-width: 42.5rem; overflow-wrap: break-word; padding: 0px 1rem; vertical-align: baseline; width: 680px;\">\n<div class=\"content-text__container \" data-track-category=\"Link no Texto\" data-track-links=\"\" style=\"border: 0px; box-sizing: inherit; font-stretch: inherit; font-style: inherit; font-variant: inherit; font-weight: inherit; line-height: inherit; padding: 0px; vertical-align: baseline;\">\n<\/div>\n<div style=\"text-align: justify;\">\n13\/02 (Ter\u00e7a)<\/div>\n<p><\/p>\n<div style=\"text-align: justify;\">\n11h Luizinho Moreno&nbsp;<\/div>\n<div style=\"text-align: justify;\">\n13h Banda T\u00e1 De Boa&nbsp;<\/div>\n<div style=\"text-align: justify;\">\n15h Lady Falc\u00e3o&nbsp;<\/div>\n<div style=\"text-align: justify;\">\n17h Almir Rouche<\/div>\n<div style=\"text-align: justify;\">\n19h Banda Farra Das Tops&nbsp;<\/div>\n<div style=\"text-align: justify;\">\n21h Higor Henrique&nbsp;<\/div>\n<div style=\"text-align: justify;\">\n23h Banda Mega Play<\/div>\n<\/div>\n<div class=\"mc-column content-text active-extra-styles \" data-block-id=\"9\" data-block-type=\"unstyled\" data-block-weight=\"22\" style=\"background-color: white; border: 0px; box-sizing: inherit; float: none; font-stretch: inherit; font-variant-east-asian: inherit; font-variant-numeric: inherit; letter-spacing: -0.6px; line-height: 1.77; margin: 0px auto 30px; max-width: 42.5rem; overflow-wrap: break-word; padding: 0px 1rem; vertical-align: baseline; width: 680px;\">\n<div class=\"content-text__container \" data-track-category=\"Link no Texto\" data-track-links=\"\" style=\"border: 0px; box-sizing: inherit; font-stretch: inherit; font-style: inherit; font-variant: inherit; font-weight: inherit; line-height: inherit; padding: 0px; vertical-align: baseline;\">\n<\/div>\n<div style=\"text-align: justify;\">\n<em style=\"border: 0px; box-sizing: inherit; font-family: Arial, Helvetica, sans-serif; font-size: x-large; font-stretch: inherit; font-variant: inherit; font-weight: inherit; letter-spacing: -0.6px; line-height: inherit; margin: 0px; padding: 0px; vertical-align: baseline;\">Palco 2 \u2013 Cultural&nbsp;<\/em><\/div>\n<p><\/p>\n<div style=\"text-align: justify;\">\n07\/02 (Quarta)&nbsp;<\/div>\n<div style=\"text-align: justify;\">\n21h Orquestra Balan\u00e7o Tropical&nbsp;<\/div>\n<div style=\"text-align: justify;\">\n08\/02 (Quinta)<\/div>\n<div style=\"text-align: justify;\">\n16h Orquestra Black Tie&nbsp;<\/div>\n<div style=\"text-align: justify;\">\n09\/02 (Sexta)&nbsp;<\/div>\n<div style=\"text-align: justify;\">\n17h A Barca Maluka<\/div>\n<\/div>\n<div class=\"mc-column content-text active-extra-styles \" data-block-id=\"10\" data-block-type=\"unstyled\" data-block-weight=\"6\" style=\"background-color: white; border: 0px; box-sizing: inherit; float: none; font-stretch: inherit; font-variant-east-asian: inherit; font-variant-numeric: inherit; letter-spacing: -0.6px; line-height: 1.77; margin: 0px auto 30px; max-width: 42.5rem; overflow-wrap: break-word; padding: 0px 1rem; vertical-align: baseline; width: 680px;\">\n<div class=\"content-text__container \" data-track-category=\"Link no Texto\" data-track-links=\"\" style=\"border: 0px; box-sizing: inherit; font-stretch: inherit; font-style: inherit; font-variant: inherit; font-weight: inherit; line-height: inherit; padding: 0px; vertical-align: baseline;\">\n<\/div>\n<div style=\"text-align: justify;\">\n10\/02 (S\u00e1bado)<\/div>\n<p><\/p>\n<div style=\"text-align: justify;\">\n21h Orquestra Maestro Duda<\/div>\n<\/div>\n<div class=\"mc-column content-text active-extra-styles \" data-block-id=\"11\" data-block-type=\"unstyled\" data-block-weight=\"21\" style=\"background-color: white; border: 0px; box-sizing: inherit; float: none; font-stretch: inherit; font-variant-east-asian: inherit; font-variant-numeric: inherit; letter-spacing: -0.6px; line-height: 1.77; margin: 0px auto 30px; max-width: 42.5rem; overflow-wrap: break-word; padding: 0px 1rem; vertical-align: baseline; width: 680px;\">\n<div class=\"content-text__container \" data-track-category=\"Link no Texto\" data-track-links=\"\" style=\"border: 0px; box-sizing: inherit; font-stretch: inherit; font-style: inherit; font-variant: inherit; font-weight: inherit; line-height: inherit; padding: 0px; vertical-align: baseline;\">\n<\/div>\n<div style=\"text-align: justify;\">\n11\/02 (Domingo)&nbsp;<\/div>\n<p><\/p>\n<div style=\"text-align: justify;\">\n10h Rodrigo Raposo&nbsp;<\/div>\n<div style=\"text-align: justify;\">\n12h Maestro Forr\u00f3&nbsp;<\/div>\n<div style=\"text-align: justify;\">\n14h Banda Pinga Fogo&nbsp;<\/div>\n<div style=\"text-align: justify;\">\n16h D\u2019break&nbsp;<\/div>\n<div style=\"text-align: justify;\">\n18h Orquestra 100% Mulher<\/div>\n<div style=\"text-align: justify;\">\n20h Carlinhos Nova<\/div>\n<\/div>\n<div class=\"mc-column content-text active-extra-styles \" data-block-id=\"12\" data-block-type=\"unstyled\" data-block-weight=\"19\" style=\"background-color: white; border: 0px; box-sizing: inherit; float: none; font-stretch: inherit; font-variant-east-asian: inherit; font-variant-numeric: inherit; letter-spacing: -0.6px; line-height: 1.77; margin: 0px auto 30px; max-width: 42.5rem; overflow-wrap: break-word; padding: 0px 1rem; vertical-align: baseline; width: 680px;\">\n<div class=\"content-text__container \" data-track-category=\"Link no Texto\" data-track-links=\"\" style=\"border: 0px; box-sizing: inherit; font-stretch: inherit; font-style: inherit; font-variant: inherit; font-weight: inherit; line-height: inherit; padding: 0px; vertical-align: baseline;\">\n<\/div>\n<div style=\"text-align: justify;\">\n12\/02 (Segunda)&nbsp;<\/div>\n<p><\/p>\n<div style=\"text-align: justify;\">\n12h Banda Som E Poesia&nbsp;<\/div>\n<div style=\"text-align: justify;\">\n14h Patusco&nbsp;<\/div>\n<div style=\"text-align: justify;\">\n16h Ciel Santos&nbsp;<\/div>\n<div style=\"text-align: justify;\">\n18h Orquestra Black Tie&nbsp;<\/div>\n<div style=\"text-align: justify;\">\n20h J\u00f4 Quirino<\/div>\n<\/div>\n<div class=\"mc-column content-text active-extra-styles \" data-block-id=\"13\" data-block-type=\"unstyled\" data-block-weight=\"19\" style=\"background-color: white; border: 0px; box-sizing: inherit; float: none; font-stretch: inherit; font-variant-east-asian: inherit; font-variant-numeric: inherit; letter-spacing: -0.6px; line-height: 1.77; margin: 0px auto 30px; max-width: 42.5rem; overflow-wrap: break-word; padding: 0px 1rem; vertical-align: baseline; width: 680px;\">\n<div class=\"content-text__container \" data-track-category=\"Link no Texto\" data-track-links=\"\" style=\"border: 0px; box-sizing: inherit; font-stretch: inherit; font-style: inherit; font-variant: inherit; font-weight: inherit; line-height: inherit; padding: 0px; vertical-align: baseline;\">\n<\/div>\n<div style=\"text-align: justify;\">\n13\/02 (Ter\u00e7a)<\/div>\n<p><\/p>\n<div style=\"text-align: justify;\">\n12h Dudu Do Acordeon&nbsp;<\/div>\n<div style=\"text-align: justify;\">\n14h Som Da Terra&nbsp;<\/div>\n<div style=\"text-align: justify;\">\n16h Ed Carlos&nbsp;<\/div>\n<div style=\"text-align: justify;\">\n18h Walter Lins&nbsp;<\/div>\n<div style=\"text-align: justify;\">\n20h Orquestra Tupy<\/div>\n<\/div>\n<div class=\"mc-column content-text active-extra-styles \" data-block-id=\"14\" data-block-type=\"unstyled\" data-block-weight=\"7\" style=\"background-color: white; border: 0px; box-sizing: inherit; float: none; font-stretch: inherit; font-variant-east-asian: inherit; font-variant-numeric: inherit; letter-spacing: -0.6px; line-height: 1.77; margin: 0px auto 30px; max-width: 42.5rem; overflow-wrap: break-word; padding: 0px 1rem; vertical-align: baseline; width: 680px;\">\n<div class=\"content-text__container \" data-track-category=\"Link no Texto\" data-track-links=\"\" style=\"border: 0px; box-sizing: inherit; font-stretch: inherit; font-style: inherit; font-variant: inherit; font-weight: inherit; line-height: inherit; padding: 0px; vertical-align: baseline;\">\n<\/div>\n<div style=\"text-align: justify;\">\n14\/02 (Quarta)&nbsp;<\/div>\n<p><\/p>\n<div style=\"text-align: justify;\">\n21h Big Band A Nordestina<\/div>\n<\/div>\n<div class=\"mc-column content-text active-extra-styles \" data-block-id=\"15\" data-block-type=\"unstyled\" data-block-weight=\"26\" style=\"background-color: white; border: 0px; box-sizing: inherit; float: none; font-stretch: inherit; font-variant-east-asian: inherit; font-variant-numeric: inherit; letter-spacing: -0.6px; line-height: 1.77; margin: 0px auto 30px; max-width: 42.5rem; overflow-wrap: break-word; padding: 0px 1rem; vertical-align: baseline; width: 680px;\">\n<div class=\"content-text__container \" data-track-category=\"Link no Texto\" data-track-links=\"\" style=\"border: 0px; box-sizing: inherit; font-stretch: inherit; font-style: inherit; font-variant: inherit; font-weight: inherit; line-height: inherit; padding: 0px; vertical-align: baseline;\">\n<\/div>\n<div style=\"text-align: justify;\">\nPalco 3 \u2013 Centen\u00e1ria&nbsp;<\/div>\n<p><\/p>\n<div style=\"text-align: justify;\">\n11\/02 (Domingo)&nbsp;<\/div>\n<div style=\"text-align: justify;\">\n09h Concurso Dos Papangus<\/div>\n<div style=\"text-align: justify;\">\n12h Eduardo Veloso&nbsp;<\/div>\n<div style=\"text-align: justify;\">\n14h Orquestra Contempor\u00e2nea De Olinda&nbsp;<\/div>\n<div style=\"text-align: justify;\">\n16h Orq. Frevo E Cia&nbsp;<\/div>\n<div style=\"text-align: justify;\">\n18h Carlinhos Melo<\/div>\n<\/div>\n<div class=\"mc-column content-text active-extra-styles \" data-block-id=\"16\" data-block-type=\"unstyled\" data-block-weight=\"15\" style=\"background-color: white; border: 0px; box-sizing: inherit; float: none; font-stretch: inherit; font-variant-east-asian: inherit; font-variant-numeric: inherit; letter-spacing: -0.6px; line-height: 1.77; margin: 0px auto 30px; max-width: 42.5rem; overflow-wrap: break-word; padding: 0px 1rem; vertical-align: baseline; width: 680px;\">\n<div class=\"content-text__container \" data-track-category=\"Link no Texto\" data-track-links=\"\" style=\"border: 0px; box-sizing: inherit; font-stretch: inherit; font-style: inherit; font-variant: inherit; font-weight: inherit; line-height: inherit; padding: 0px; vertical-align: baseline;\">\n<\/div>\n<div style=\"text-align: justify;\">\n12\/02 (Segunda)&nbsp;<\/div>\n<p><\/p>\n<div style=\"text-align: justify;\">\n12h Banda Recanto De Bar&nbsp;<\/div>\n<div style=\"text-align: justify;\">\n14h Oficina Agreste Frevo&nbsp;<\/div>\n<div style=\"text-align: justify;\">\n16h Mazamorra&nbsp;<\/div>\n<div style=\"text-align: justify;\">\n18h Retrodac<\/div>\n<\/div>\n<div class=\"mc-column content-text active-extra-styles \" data-block-id=\"17\" data-block-type=\"unstyled\" data-block-weight=\"16\" style=\"background-color: white; border: 0px; box-sizing: inherit; float: none; font-stretch: inherit; font-variant-east-asian: inherit; font-variant-numeric: inherit; letter-spacing: -0.6px; line-height: 1.77; margin: 0px auto 30px; max-width: 42.5rem; overflow-wrap: break-word; padding: 0px 1rem; vertical-align: baseline; width: 680px;\">\n<div class=\"content-text__container \" data-track-category=\"Link no Texto\" data-track-links=\"\" style=\"border: 0px; box-sizing: inherit; font-stretch: inherit; font-style: inherit; font-variant: inherit; font-weight: inherit; line-height: inherit; padding: 0px; vertical-align: baseline;\">\n<\/div>\n<div style=\"text-align: justify;\">\n13\/02 (Ter\u00e7a)&nbsp;<\/div>\n<p><\/p>\n<div style=\"text-align: justify;\">\n12h Os Thalentos<\/div>\n<div style=\"text-align: justify;\">\n14h Banda Tchiker\u00ea<\/div>\n<div style=\"text-align: justify;\">\n16h Patricia Alves E Banda&nbsp;<\/div>\n<div style=\"text-align: justify;\">\n18h Ivo Cowboy<\/div>\n<p><\/p>\n<div class=\"mc-column content-text active-extra-styles \" data-block-id=\"19\" data-block-type=\"unstyled\" data-block-weight=\"18\" style=\"border: 0px; box-sizing: inherit; float: none; font-stretch: inherit; font-variant-east-asian: inherit; font-variant-numeric: inherit; letter-spacing: -0.6px; line-height: 1.77; margin: 0px auto 30px; max-width: 42.5rem; overflow-wrap: break-word; padding: 0px 1rem; vertical-align: baseline; width: 680px;\">\n<div class=\"content-text__container \" data-track-category=\"Link no Texto\" data-track-links=\"\" style=\"border: 0px; box-sizing: inherit; font-stretch: inherit; font-style: inherit; font-variant: inherit; font-weight: inherit; line-height: inherit; padding: 0px; vertical-align: baseline;\">\n<\/div>\n<div style=\"text-align: justify;\">\nPra\u00e7a S\u00e3o Sebasti\u00e3o&nbsp;<\/div>\n<p><\/p>\n<div style=\"text-align: justify;\">\n11\/02 (Domingo)&nbsp;<\/div>\n<div style=\"text-align: justify;\">\n09h Orquestra C\u00f4nego Alexandre&nbsp;<\/div>\n<div style=\"text-align: justify;\">\n12h Anderson Alves<\/div>\n<div style=\"text-align: justify;\">\n15h Camila Lira Forr\u00f3 Do Papangu<\/div>\n<\/div>\n<div class=\"mc-column content-text active-extra-styles \" data-block-id=\"20\" data-block-type=\"unstyled\" data-block-weight=\"31\" style=\"border: 0px; box-sizing: inherit; float: none; font-stretch: inherit; font-variant-east-asian: inherit; font-variant-numeric: inherit; letter-spacing: -0.6px; line-height: 1.77; margin: 0px auto 30px; max-width: 42.5rem; overflow-wrap: break-word; padding: 0px 1rem; vertical-align: baseline; width: 680px;\">\n<div class=\"content-text__container \" data-track-category=\"Link no Texto\" data-track-links=\"\" style=\"border: 0px; box-sizing: inherit; font-stretch: inherit; font-style: inherit; font-variant: inherit; font-weight: inherit; line-height: inherit; padding: 0px; vertical-align: baseline;\">\n<\/div>\n<div style=\"text-align: justify;\">\n11\/02 (Domingo)<\/div>\n<p><\/p>\n<div style=\"text-align: justify;\">\n10h Zez\u00e9 e Zezita&nbsp;<\/div>\n<div style=\"text-align: justify;\">\n12h Genilza do Acordeon&nbsp;<\/div>\n<div style=\"text-align: justify;\">\n14h Manoel da Concertina<\/div>\n<div style=\"text-align: justify;\">\n16h Rinaldo Xavier<\/div>\n<div style=\"text-align: justify;\">\n18h Marcos Montez&nbsp;<\/div>\n<div style=\"text-align: justify;\">\n20h Dedinho e Seu Regional&nbsp;<\/div>\n<div style=\"text-align: justify;\">\n22h Cabila e Tamborete de Forr\u00f3<\/div>\n<\/div>\n<div class=\"mc-column content-text active-extra-styles \" data-block-id=\"21\" data-block-type=\"unstyled\" data-block-weight=\"23\" style=\"border: 0px; box-sizing: inherit; float: none; font-stretch: inherit; font-variant-east-asian: inherit; font-variant-numeric: inherit; letter-spacing: -0.6px; line-height: 1.77; margin: 0px auto 30px; max-width: 42.5rem; overflow-wrap: break-word; padding: 0px 1rem; vertical-align: baseline; width: 680px;\">\n<div class=\"content-text__container \" data-track-category=\"Link no Texto\" data-track-links=\"\" style=\"border: 0px; box-sizing: inherit; font-stretch: inherit; font-style: inherit; font-variant: inherit; font-weight: inherit; line-height: inherit; padding: 0px; vertical-align: baseline;\">\n<\/div>\n<div style=\"text-align: justify;\">\n12\/02 (Segunda)<\/div>\n<p><\/p>\n<div style=\"text-align: justify;\">\n12h Trio Asa Branca&nbsp;<\/div>\n<div style=\"text-align: justify;\">\n14h Forr\u00f3 Chinelo de Palha&nbsp;<\/div>\n<div style=\"text-align: justify;\">\n16h Nildo Sanfoneiro&nbsp;<\/div>\n<div style=\"text-align: justify;\">\n18h Genilza do Acordeon<\/div>\n<div style=\"text-align: justify;\">\n20h Dedinho e Seu Regional<\/div>\n<\/div>\n<div class=\"mc-column content-text active-extra-styles \" data-block-id=\"22\" data-block-type=\"unstyled\" data-block-weight=\"23\" style=\"border: 0px; box-sizing: inherit; float: none; font-stretch: inherit; font-variant-east-asian: inherit; font-variant-numeric: inherit; letter-spacing: -0.6px; line-height: 1.77; margin: 0px auto 30px; max-width: 42.5rem; overflow-wrap: break-word; padding: 0px 1rem; vertical-align: baseline; width: 680px;\">\n<div class=\"content-text__container \" data-track-category=\"Link no Texto\" data-track-links=\"\" style=\"border: 0px; box-sizing: inherit; font-stretch: inherit; font-style: inherit; font-variant: inherit; font-weight: inherit; line-height: inherit; padding: 0px; vertical-align: baseline;\">\n<\/div>\n<div style=\"text-align: justify;\">\n13\/02 (Ter\u00e7a)&nbsp;<\/div>\n<p><\/p>\n<div style=\"text-align: justify;\">\n12h Forr\u00f3 Cabras da Peste&nbsp;<\/div>\n<div style=\"text-align: justify;\">\n14h Zez\u00e9 e Zezita&nbsp;<\/div>\n<div style=\"text-align: justify;\">\n16h Trio Lampi\u00e3o de G\u00e1s<\/div>\n<div style=\"text-align: justify;\">\n18h Manoel da Concertina&nbsp;<\/div>\n<div style=\"text-align: justify;\">\n20h Rinaldo Xavier<\/div>\n<\/div>\n<div class=\"mc-column content-text active-extra-styles \" data-block-id=\"23\" data-block-type=\"unstyled\" data-block-weight=\"23\" style=\"border: 0px; box-sizing: inherit; float: none; font-stretch: inherit; font-variant-east-asian: inherit; font-variant-numeric: inherit; letter-spacing: -0.6px; line-height: 1.77; margin: 0px auto 30px; max-width: 42.5rem; overflow-wrap: break-word; padding: 0px 1rem; vertical-align: baseline; width: 680px;\">\n<div class=\"content-text__container \" data-track-category=\"Link no Texto\" data-track-links=\"\" style=\"border: 0px; box-sizing: inherit; font-stretch: inherit; font-style: inherit; font-variant: inherit; font-weight: inherit; line-height: inherit; padding: 0px; vertical-align: baseline;\">\n<\/div>\n<div style=\"text-align: justify;\">\nPalco 4 \u2013 Espa\u00e7o Frevo<\/div>\n<p><\/p>\n<div style=\"text-align: justify;\">\n11\/02 (Domingo)&nbsp;<\/div>\n<div style=\"text-align: justify;\">\n10h Orquestra 91<\/div>\n<div style=\"text-align: justify;\">\n12h Orquestra do Tarso&nbsp;<\/div>\n<div style=\"text-align: justify;\">\n14h Orquestra do Raimundo&nbsp;<\/div>\n<div style=\"text-align: justify;\">\n16h Orquestra Amigos do Frevo<\/div>\n<\/div>\n<div class=\"mc-column content-text active-extra-styles \" data-block-id=\"24\" data-block-type=\"unstyled\" data-block-weight=\"17\" style=\"border: 0px; box-sizing: inherit; float: none; font-stretch: inherit; font-variant-east-asian: inherit; font-variant-numeric: inherit; letter-spacing: -0.6px; line-height: 1.77; margin: 0px auto 30px; max-width: 42.5rem; overflow-wrap: break-word; padding: 0px 1rem; vertical-align: baseline; width: 680px;\">\n<div class=\"content-text__container \" data-track-category=\"Link no Texto\" data-track-links=\"\" style=\"border: 0px; box-sizing: inherit; font-stretch: inherit; font-style: inherit; font-variant: inherit; font-weight: inherit; line-height: inherit; padding: 0px; vertical-align: baseline;\">\n<\/div>\n<div style=\"text-align: justify;\">\n12\/02 (Segunda)&nbsp;<\/div>\n<p><\/p>\n<div style=\"text-align: justify;\">\n10h Orquestra Frevarte&nbsp;<\/div>\n<div style=\"text-align: justify;\">\n12h Orquestra Vassourinhas&nbsp;<\/div>\n<div style=\"text-align: justify;\">\n14h Orquestra Frevo e Cia&nbsp;<\/div>\n<div style=\"text-align: justify;\">\n16h Amigos do Frevo<\/div>\n<\/div>\n<div data-track-action=\"ultimo chunk conteudo\" data-track-category=\"fim do conteudo\" data-track-noninteraction=\"false\" data-track-scroll=\"entrada completa viewport\" style=\"border: 0px; box-sizing: inherit; font-stretch: inherit; font-variant-east-asian: inherit; font-variant-numeric: inherit; letter-spacing: normal; line-height: inherit; margin: 0px; padding: 0px; vertical-align: baseline;\">\n<div class=\"mc-column content-text active-extra-styles \" data-block-id=\"25\" data-block-type=\"unstyled\" data-block-weight=\"19\" style=\"border: 0px; box-sizing: inherit; float: none; font-stretch: inherit; font-style: inherit; font-variant: inherit; font-weight: inherit; letter-spacing: -0.6px; line-height: 1.77; margin: 0px auto 30px; max-width: 42.5rem; overflow-wrap: break-word; padding: 0px 1rem; vertical-align: baseline; width: 680px;\">\n<div class=\"content-text__container \" data-track-category=\"Link no Texto\" data-track-links=\"\" style=\"border: 0px; box-sizing: inherit; font-stretch: inherit; font-style: inherit; font-variant: inherit; font-weight: inherit; line-height: inherit; padding: 0px; vertical-align: baseline;\">\n<\/div>\n<div style=\"text-align: justify;\">\n13\/02 (Ter\u00e7a)&nbsp;<\/div>\n<p><\/p>\n<div style=\"text-align: justify;\">\n10h Orquestra Abas da Serra<\/div>\n<div style=\"text-align: justify;\">\n12h Orquestra do Biu&nbsp;<\/div>\n<div style=\"text-align: justify;\">\n14h Orquestra do Ronaldinho&nbsp;<\/div>\n<div style=\"text-align: justify;\">\n16h Orquestra C\u00f4nego Alexandre<\/div>\n<\/div>\n<\/div>\n<\/div>\n","protected":false},"excerpt":{"rendered":"<p>Foto: Reprodu\u00e7\u00e3o\/Internet O Carnaval de Bezerros 2018 promete uma grande festa, com v\u00e1rias atra\u00e7\u00f5es e muitas cores.&nbsp;Conhecida tamb\u00e9m como \u201cFolia&hellip;<\/p>\n","protected":false},"author":1,"featured_media":0,"comment_status":"open","ping_status":"open","sticky":false,"template":"","format":"standard","meta":{"footnotes":""},"categories":[1],"tags":[2,3876,6],"class_list":["post-3366","post","type-post","status-publish","format-standard","hentry","category-sem-categoria","tag-blog-do-edvaldo-magalhaes","tag-confira-as-atracoes-do-carnaval-dos-papangus-2018-em-bezerros-pe","tag-noticias"],"_links":{"self":[{"href":"https:\/\/blogdoedvaldomagalhaes.com.br\/index.php\/wp-json\/wp\/v2\/posts\/3366","targetHints":{"allow":["GET"]}}],"collection":[{"href":"https:\/\/blogdoedvaldomagalhaes.com.br\/index.php\/wp-json\/wp\/v2\/posts"}],"about":[{"href":"https:\/\/blogdoedvaldomagalhaes.com.br\/index.php\/wp-json\/wp\/v2\/types\/post"}],"author":[{"embeddable":true,"href":"https:\/\/blogdoedvaldomagalhaes.com.br\/index.php\/wp-json\/wp\/v2\/users\/1"}],"replies":[{"embeddable":true,"href":"https:\/\/blogdoedvaldomagalhaes.com.br\/index.php\/wp-json\/wp\/v2\/comments?post=3366"}],"version-history":[{"count":1,"href":"https:\/\/blogdoedvaldomagalhaes.com.br\/index.php\/wp-json\/wp\/v2\/posts\/3366\/revisions"}],"predecessor-version":[{"id":28118,"href":"https:\/\/blogdoedvaldomagalhaes.com.br\/index.php\/wp-json\/wp\/v2\/posts\/3366\/revisions\/28118"}],"wp:attachment":[{"href":"https:\/\/blogdoedvaldomagalhaes.com.br\/index.php\/wp-json\/wp\/v2\/media?parent=3366"}],"wp:term":[{"taxonomy":"category","embeddable":true,"href":"https:\/\/blogdoedvaldomagalhaes.com.br\/index.php\/wp-json\/wp\/v2\/categories?post=3366"},{"taxonomy":"post_tag","embeddable":true,"href":"https:\/\/blogdoedvaldomagalhaes.com.br\/index.php\/wp-json\/wp\/v2\/tags?post=3366"}],"curies":[{"name":"wp","href":"https:\/\/api.w.org\/{rel}","templated":true}]}}