{"id":3337,"date":"2018-02-04T12:34:00","date_gmt":"2018-02-04T14:34:00","guid":{"rendered":"http:\/\/blogdoedvaldomagalhaes.com.br\/index.php\/2018\/02\/04\/veiculos-roubados-recuperados-arma-de\/"},"modified":"2019-02-09T02:01:19","modified_gmt":"2019-02-09T04:01:19","slug":"veiculos-roubados-recuperados-arma-de","status":"publish","type":"post","link":"https:\/\/blogdoedvaldomagalhaes.com.br\/index.php\/2018\/02\/04\/veiculos-roubados-recuperados-arma-de\/","title":{"rendered":"Ve\u00edculos roubados recuperados, arma de fogo apreendida  e posse de entorpecente em Caruaru"},"content":{"rendered":"<div class=\"separator\" style=\"clear: both; text-align: center;\">\n<a href=\"https:\/\/2.bp.blogspot.com\/-iHtZtLlAZLI\/Wnb8ie3yENI\/AAAAAAAApkY\/M2TIgRNdSHwS4AZJbqj1bBk_8LXDUTPHwCLcBGAs\/s1600\/IMG-20180204-WA0038.jpg\" imageanchor=\"1\" style=\"margin-left: 1em; margin-right: 1em;\"><img loading=\"lazy\" decoding=\"async\" border=\"0\" data-original-height=\"864\" data-original-width=\"1152\" height=\"480\" src=\"http:\/\/blogdoedvaldomagalhaes.com.br\/wp-content\/uploads\/2018\/02\/IMG-20180204-WA0038.jpg\" width=\"640\" \/><\/a><\/div>\n<p><\/p>\n<div class=\"separator\" style=\"clear: both; text-align: center;\">\n<a href=\"https:\/\/2.bp.blogspot.com\/-0cHdzV1LvQY\/Wnb8rzK590I\/AAAAAAAApkc\/cj11sVQRsQYJCxuIyg3LfZOL5_ZCw3zugCLcBGAs\/s1600\/IMG-20180204-WA0030.jpg\" imageanchor=\"1\" style=\"margin-left: 1em; margin-right: 1em;\"><img loading=\"lazy\" decoding=\"async\" border=\"0\" data-original-height=\"864\" data-original-width=\"1152\" height=\"480\" src=\"http:\/\/blogdoedvaldomagalhaes.com.br\/wp-content\/uploads\/2018\/02\/IMG-20180204-WA0030.jpg\" width=\"640\" \/><\/a><\/div>\n<p><\/p>\n<div class=\"separator\" style=\"clear: both; text-align: center;\">\n<a href=\"https:\/\/2.bp.blogspot.com\/-vRyvq-AlizI\/Wnb80OBJ4fI\/AAAAAAAApkg\/0VoZEPBS7jsZj_IR-zy7c6eNtaHZ1uEuwCLcBGAs\/s1600\/IMG-20180204-WA0029.jpg\" imageanchor=\"1\" style=\"margin-left: 1em; margin-right: 1em;\"><img loading=\"lazy\" decoding=\"async\" border=\"0\" data-original-height=\"864\" data-original-width=\"1152\" height=\"480\" src=\"http:\/\/blogdoedvaldomagalhaes.com.br\/wp-content\/uploads\/2018\/02\/IMG-20180204-WA0029.jpg\" width=\"640\" \/><\/a><\/div>\n<p><\/p>\n<div class=\"separator\" style=\"clear: both; text-align: center;\">\n<a href=\"https:\/\/2.bp.blogspot.com\/-qa0IWTY10mg\/Wnb9BGO7_xI\/AAAAAAAApko\/IrnrlTjD-y0S1azhNCobffd95z0gc-RvQCLcBGAs\/s1600\/IMG-20180204-WA0032.jpg\" imageanchor=\"1\" style=\"margin-left: 1em; margin-right: 1em;\"><img loading=\"lazy\" decoding=\"async\" border=\"0\" data-original-height=\"864\" data-original-width=\"1152\" height=\"480\" src=\"http:\/\/blogdoedvaldomagalhaes.com.br\/wp-content\/uploads\/2018\/02\/IMG-20180204-WA0032.jpg\" width=\"640\" \/><\/a><\/div>\n<p><\/p>\n<div class=\"separator\" style=\"clear: both; text-align: center;\">\n<a href=\"https:\/\/2.bp.blogspot.com\/-SXkym7YqJf4\/Wnb9Hp2CTNI\/AAAAAAAApks\/9Bhna14AzMsaM1lN1AsCfL7hEN5AvQnQwCLcBGAs\/s1600\/IMG-20180204-WA0034.jpg\" imageanchor=\"1\" style=\"margin-left: 1em; margin-right: 1em;\"><img loading=\"lazy\" decoding=\"async\" border=\"0\" data-original-height=\"864\" data-original-width=\"1152\" height=\"480\" src=\"http:\/\/blogdoedvaldomagalhaes.com.br\/wp-content\/uploads\/2018\/02\/IMG-20180204-WA0034.jpg\" width=\"640\" \/><\/a><\/div>\n<div style=\"text-align: justify;\">\n<\/div>\n<div style=\"text-align: justify;\">\nNesse s\u00e1bado (03), por volta das 23h, &nbsp;o efetivo do Malhas da Lei da Pol\u00edcia Militar, ap\u00f3s receber informa\u00e7\u00f5es do NIA, seguiu para a rua R 04, n\u00famero 108, no bairro Cidade Jardim, em Caruaru, e verificou v\u00e1rios ve\u00edculos roubados no local, diante do crime, fez busca na resid\u00eancia da imputada&nbsp; Luzia Suely Pereira da Silva, de 34 anos, no local foi encontrado o material abaixo descrito e a mesma foi encaminhada \u00e0 Delegacia de Plant\u00e3o, onde foi autuada em flagrante delito e aguarda Audi\u00eancia de Cust\u00f3dia.<\/div>\n<div style=\"text-align: justify;\">\n<div class=\"separator\" style=\"clear: both; text-align: center;\">\n<a href=\"https:\/\/2.bp.blogspot.com\/-lmkdRHKkPZg\/WncDPidk2QI\/AAAAAAAAplA\/QpVcoU8p1X0vaQRqIIg-I5_vNAPECLHawCLcBGAs\/s1600\/IMG-20180204-WA0031.jpg\" imageanchor=\"1\" style=\"margin-left: 1em; margin-right: 1em;\"><img loading=\"lazy\" decoding=\"async\" border=\"0\" data-original-height=\"1152\" data-original-width=\"864\" height=\"640\" src=\"http:\/\/blogdoedvaldomagalhaes.com.br\/wp-content\/uploads\/2018\/02\/IMG-20180204-WA0031.jpg\" width=\"480\" \/><\/a><\/div>\n<p><\/p>\n<div class=\"separator\" style=\"clear: both; text-align: center;\">\n<a href=\"https:\/\/4.bp.blogspot.com\/-F_Gc_d3y23E\/WncDTj8iN4I\/AAAAAAAAplE\/HW633wm1Nu0L5PoerVnIZEzazdO3AMWyQCLcBGAs\/s1600\/IMG-20180204-WA0043.jpg\" imageanchor=\"1\" style=\"margin-left: 1em; margin-right: 1em;\"><img loading=\"lazy\" decoding=\"async\" border=\"0\" data-original-height=\"1152\" data-original-width=\"864\" height=\"640\" src=\"http:\/\/blogdoedvaldomagalhaes.com.br\/wp-content\/uploads\/2018\/02\/IMG-20180204-WA0043.jpg\" width=\"480\" \/><\/a><\/div>\n<p><\/p>\n<div class=\"separator\" style=\"clear: both; text-align: center;\">\n<a href=\"https:\/\/1.bp.blogspot.com\/-KA9kSGj5Zp8\/WncDfIlpicI\/AAAAAAAAplI\/io6puADGpesiMHuMOdhVSh_AajWFjJ8IwCLcBGAs\/s1600\/IMG-20180204-WA0042.jpg\" imageanchor=\"1\" style=\"margin-left: 1em; margin-right: 1em;\"><img loading=\"lazy\" decoding=\"async\" border=\"0\" data-original-height=\"1152\" data-original-width=\"864\" height=\"640\" src=\"http:\/\/blogdoedvaldomagalhaes.com.br\/wp-content\/uploads\/2018\/02\/IMG-20180204-WA0042.jpg\" width=\"480\" \/><\/a><\/div>\n<p><\/p>\n<div class=\"separator\" style=\"clear: both; text-align: center;\">\n<a href=\"https:\/\/1.bp.blogspot.com\/-DIDd_fJOTik\/WncDjS1C-iI\/AAAAAAAAplM\/1AI105KvQnQ5SgEt60fHVeYoSQJY8FAfwCLcBGAs\/s1600\/IMG-20180204-WA0041.jpg\" imageanchor=\"1\" style=\"margin-left: 1em; margin-right: 1em;\"><img loading=\"lazy\" decoding=\"async\" border=\"0\" data-original-height=\"1152\" data-original-width=\"864\" height=\"640\" src=\"http:\/\/blogdoedvaldomagalhaes.com.br\/wp-content\/uploads\/2018\/02\/IMG-20180204-WA0041.jpg\" width=\"480\" \/><\/a><\/div>\n<p><\/p>\n<div class=\"separator\" style=\"clear: both; text-align: center;\">\n<a href=\"https:\/\/2.bp.blogspot.com\/-tWU9KJSrEw4\/WncDqaWy3-I\/AAAAAAAAplQ\/IN1UFN3btRch_047PGPxvX8iLscbJmr4wCLcBGAs\/s1600\/IMG-20180204-WA0039.jpg\" imageanchor=\"1\" style=\"margin-left: 1em; margin-right: 1em;\"><img loading=\"lazy\" decoding=\"async\" border=\"0\" data-original-height=\"864\" data-original-width=\"1152\" height=\"480\" src=\"http:\/\/blogdoedvaldomagalhaes.com.br\/wp-content\/uploads\/2018\/02\/IMG-20180204-WA0039.jpg\" width=\"640\" \/><\/a><\/div>\n<p><\/p>\n<div class=\"separator\" style=\"clear: both; text-align: center;\">\n<a href=\"https:\/\/4.bp.blogspot.com\/-cShEzRSbRzE\/WncDwZqGkmI\/AAAAAAAAplU\/AJwibUBeEmI_YXaYgfBqSWTwu_2mLzqrQCLcBGAs\/s1600\/IMG-20180204-WA0037.jpg\" imageanchor=\"1\" style=\"margin-left: 1em; margin-right: 1em;\"><img loading=\"lazy\" decoding=\"async\" border=\"0\" data-original-height=\"864\" data-original-width=\"1152\" height=\"480\" src=\"http:\/\/blogdoedvaldomagalhaes.com.br\/wp-content\/uploads\/2018\/02\/IMG-20180204-WA0037.jpg\" width=\"640\" \/><\/a><\/div>\n<p><\/div>\n<div style=\"text-align: justify;\">\n<b>Material Apreendido:<\/b><\/div>\n<div style=\"text-align: justify;\">\n07Kg DE Maconha;<\/div>\n<div style=\"text-align: justify;\">\n190g de Coca\u00edna;<\/div>\n<div style=\"text-align: justify;\">\n01 Espingarda Cal 12 de repeti\u00e7\u00e3o;<\/div>\n<div style=\"text-align: justify;\">\n03 Muni\u00e7\u00f5es Cal 12 intactas;<\/div>\n<div style=\"text-align: justify;\">\n01 Carregador de PT.40 com emblema da SDS com 11 muni\u00e7\u00f5es intactas;<\/div>\n<div style=\"text-align: justify;\">\n04 Placas de colete bal\u00edstico, sendo 03 completos e 01 somente a parte das costas;<\/div>\n<div style=\"text-align: justify;\">\n01 Strada Prata \u2013 PGI \u2013 3193 \u2013 com restri\u00e7\u00e3o de roubo\/furto;<\/div>\n<div style=\"text-align: justify;\">\n01 XRE 190 Preta \u2013 PCJ \u2013 734 &#8211; com restri\u00e7\u00e3o de roubo\/furto;<\/div>\n<div style=\"text-align: justify;\">\n01 Factor Yamaha vermelha &#8211; PDC 2624 &#8211; com restri\u00e7\u00e3o de roubo\/furto;<\/div>\n<div style=\"text-align: justify;\">\n01 Ve\u00edculo Celta \u2013 PGC &#8211; 9872 \u2013 com restri\u00e7\u00e3o de roubo\/furto;<\/div>\n<div style=\"text-align: justify;\">\n02 Balan\u00e7as de precis\u00e3o;<\/div>\n<div style=\"text-align: justify;\">\n30 rel\u00f3gios de pulso anal\u00f3gicos;<\/div>\n<div style=\"text-align: justify;\">\n40 camisas de malha;<\/div>\n<div style=\"text-align: justify;\">\n02 telefones celulares.<\/p>\n<div class=\"separator\" style=\"clear: both; text-align: center;\">\n<a href=\"https:\/\/3.bp.blogspot.com\/-E2DaNyn6pjc\/WncEDEwHePI\/AAAAAAAAplg\/f-m3IMY4cYUgl2kdNbTjJmi1dAK9epVuACLcBGAs\/s1600\/IMG-20180204-WA0036.jpg\" imageanchor=\"1\" style=\"margin-left: 1em; margin-right: 1em;\"><img loading=\"lazy\" decoding=\"async\" border=\"0\" data-original-height=\"864\" data-original-width=\"1152\" height=\"480\" src=\"http:\/\/blogdoedvaldomagalhaes.com.br\/wp-content\/uploads\/2018\/02\/IMG-20180204-WA0036.jpg\" width=\"640\" \/><\/a><\/div>\n<div class=\"separator\" style=\"clear: both; text-align: center;\">\n<\/div>\n<\/div>\n","protected":false},"excerpt":{"rendered":"<p>Nesse s\u00e1bado (03), por volta das 23h, &nbsp;o efetivo do Malhas da Lei da Pol\u00edcia Militar, ap\u00f3s receber informa\u00e7\u00f5es do&hellip;<\/p>\n","protected":false},"author":1,"featured_media":0,"comment_status":"open","ping_status":"open","sticky":false,"template":"","format":"standard","meta":{"footnotes":""},"categories":[1],"tags":[3836,2,13,3837],"class_list":["post-3337","post","type-post","status-publish","format-standard","hentry","category-sem-categoria","tag-arma-de-fogo-apreendida-e-posse-de-entorpecente-em-caruaru","tag-blog-do-edvaldo-magalhaes","tag-policial","tag-veiculos-roubados-recuperados"],"_links":{"self":[{"href":"https:\/\/blogdoedvaldomagalhaes.com.br\/index.php\/wp-json\/wp\/v2\/posts\/3337","targetHints":{"allow":["GET"]}}],"collection":[{"href":"https:\/\/blogdoedvaldomagalhaes.com.br\/index.php\/wp-json\/wp\/v2\/posts"}],"about":[{"href":"https:\/\/blogdoedvaldomagalhaes.com.br\/index.php\/wp-json\/wp\/v2\/types\/post"}],"author":[{"embeddable":true,"href":"https:\/\/blogdoedvaldomagalhaes.com.br\/index.php\/wp-json\/wp\/v2\/users\/1"}],"replies":[{"embeddable":true,"href":"https:\/\/blogdoedvaldomagalhaes.com.br\/index.php\/wp-json\/wp\/v2\/comments?post=3337"}],"version-history":[{"count":1,"href":"https:\/\/blogdoedvaldomagalhaes.com.br\/index.php\/wp-json\/wp\/v2\/posts\/3337\/revisions"}],"predecessor-version":[{"id":28202,"href":"https:\/\/blogdoedvaldomagalhaes.com.br\/index.php\/wp-json\/wp\/v2\/posts\/3337\/revisions\/28202"}],"wp:attachment":[{"href":"https:\/\/blogdoedvaldomagalhaes.com.br\/index.php\/wp-json\/wp\/v2\/media?parent=3337"}],"wp:term":[{"taxonomy":"category","embeddable":true,"href":"https:\/\/blogdoedvaldomagalhaes.com.br\/index.php\/wp-json\/wp\/v2\/categories?post=3337"},{"taxonomy":"post_tag","embeddable":true,"href":"https:\/\/blogdoedvaldomagalhaes.com.br\/index.php\/wp-json\/wp\/v2\/tags?post=3337"}],"curies":[{"name":"wp","href":"https:\/\/api.w.org\/{rel}","templated":true}]}}