{"id":3336,"date":"2018-02-04T15:55:00","date_gmt":"2018-02-04T17:55:00","guid":{"rendered":"http:\/\/blogdoedvaldomagalhaes.com.br\/index.php\/2018\/02\/04\/avanco-em-semaforos-causa-acidente\/"},"modified":"2019-02-09T02:01:26","modified_gmt":"2019-02-09T04:01:26","slug":"avanco-em-semaforos-causa-acidente","status":"publish","type":"post","link":"https:\/\/blogdoedvaldomagalhaes.com.br\/index.php\/2018\/02\/04\/avanco-em-semaforos-causa-acidente\/","title":{"rendered":"Avan\u00e7o em sem\u00e1foros causa acidente entre dois carros em Caruaru"},"content":{"rendered":"<div class=\"separator\" style=\"clear: both; text-align: center;\">\n<a href=\"https:\/\/4.bp.blogspot.com\/-NcSOF2HjEfI\/WncsOkttz0I\/AAAAAAAApl4\/--wn-mmpi5ILmJPLXat1SL1RzL2BJcJeACLcBGAs\/s1600\/IMG-20180204-WA0095.jpg\" imageanchor=\"1\" style=\"margin-left: 1em; margin-right: 1em;\"><img loading=\"lazy\" decoding=\"async\" border=\"0\" data-original-height=\"1280\" data-original-width=\"720\" height=\"640\" src=\"http:\/\/blogdoedvaldomagalhaes.com.br\/wp-content\/uploads\/2018\/02\/IMG-20180204-WA0095.jpg\" width=\"360\" \/><\/a><\/div>\n<div class=\"separator\" style=\"clear: both; text-align: center;\">\nFotos: WhatsApp\/Cortesia<\/div>\n<div class=\"separator\" style=\"clear: both; text-align: center;\">\n<a href=\"https:\/\/2.bp.blogspot.com\/-AYPlwmgdZsA\/WncsSAQvZ8I\/AAAAAAAApl8\/DBNdauJPxDgazn_PHgpjfyIEXbkOf5SKQCLcBGAs\/s1600\/IMG-20180204-WA0092.jpg\" imageanchor=\"1\" style=\"margin-left: 1em; margin-right: 1em;\"><img loading=\"lazy\" decoding=\"async\" border=\"0\" data-original-height=\"1280\" data-original-width=\"720\" height=\"640\" src=\"http:\/\/blogdoedvaldomagalhaes.com.br\/wp-content\/uploads\/2018\/02\/IMG-20180204-WA0092.jpg\" width=\"360\" \/><\/a><\/div>\n<p><\/p>\n<div class=\"separator\" style=\"clear: both; text-align: center;\">\n<a href=\"https:\/\/4.bp.blogspot.com\/-z1tPX70Fnw4\/WncsVF2nNZI\/AAAAAAAApmA\/a344nMXpeDMKlRddsA5VwYFO1ogM5-X7gCLcBGAs\/s1600\/IMG-20180204-WA0096.jpg\" imageanchor=\"1\" style=\"margin-left: 1em; margin-right: 1em;\"><img loading=\"lazy\" decoding=\"async\" border=\"0\" data-original-height=\"1280\" data-original-width=\"720\" height=\"640\" src=\"http:\/\/blogdoedvaldomagalhaes.com.br\/wp-content\/uploads\/2018\/02\/IMG-20180204-WA0096.jpg\" width=\"360\" \/><\/a><\/div>\n<p><\/p>\n<div class=\"separator\" style=\"clear: both; text-align: center;\">\n<a href=\"https:\/\/3.bp.blogspot.com\/-WY3v-DfWNfs\/WncsdOljGkI\/AAAAAAAApmE\/kOTyOf4OlskrxkPWod52fTiOjA4t0z6kQCLcBGAs\/s1600\/IMG-20180204-WA0093.jpg\" imageanchor=\"1\" style=\"margin-left: 1em; margin-right: 1em;\"><img loading=\"lazy\" decoding=\"async\" border=\"0\" data-original-height=\"1280\" data-original-width=\"720\" height=\"640\" src=\"http:\/\/blogdoedvaldomagalhaes.com.br\/wp-content\/uploads\/2018\/02\/IMG-20180204-WA0093.jpg\" width=\"360\" \/><\/a><\/div>\n<p><\/p>\n<div class=\"separator\" style=\"clear: both; text-align: center;\">\n<a href=\"https:\/\/1.bp.blogspot.com\/-xQibdFkZW-4\/WncsgnPqDtI\/AAAAAAAApmI\/HOdQJOE7shs1aK_cxy2OkzW8eiHO31-pQCLcBGAs\/s1600\/IMG-20180204-WA0094.jpg\" imageanchor=\"1\" style=\"margin-left: 1em; margin-right: 1em;\"><img loading=\"lazy\" decoding=\"async\" border=\"0\" data-original-height=\"1280\" data-original-width=\"720\" height=\"640\" src=\"http:\/\/blogdoedvaldomagalhaes.com.br\/wp-content\/uploads\/2018\/02\/IMG-20180204-WA0094.jpg\" width=\"360\" \/><\/a><\/div>\n<p><\/p>\n<div class=\"separator\" style=\"clear: both; text-align: center;\">\n<\/div>\n<p><\/p>\n<div class=\"separator\" style=\"clear: both; text-align: center;\">\n<a href=\"https:\/\/2.bp.blogspot.com\/-hF_a5ZEiH7Q\/Wncsn6zPOJI\/AAAAAAAApmQ\/HiCgxw9Csnc49r-cNlLYHOeZM7WX7HqnQCLcBGAs\/s1600\/IMG-20180204-WA0082.jpg\" imageanchor=\"1\" style=\"margin-left: 1em; margin-right: 1em;\"><img loading=\"lazy\" decoding=\"async\" border=\"0\" data-original-height=\"720\" data-original-width=\"1280\" height=\"360\" src=\"http:\/\/blogdoedvaldomagalhaes.com.br\/wp-content\/uploads\/2018\/02\/IMG-20180204-WA0082.jpg\" width=\"640\" \/><\/a><\/div>\n<p><\/p>\n<div class=\"separator\" style=\"clear: both; text-align: center;\">\n<\/div>\n<div style=\"text-align: justify;\">\nO acidente ocorreu neste domingo (04), no bairro Maur\u00edcio de Nassau, pr\u00f3ximo a pra\u00e7a Chico Porto, onde segundo Agentes de Tr\u00e2nsito da Destra, houve avan\u00e7o no sem\u00e1foro. O motorista do ve\u00edculo Corsa, foi socorrido pelo Samu e levado para o Hospital Regional do Agreste. Veja o v\u00eddeo abaixo, mostrando o momento da colis\u00e3o.&nbsp;<\/p>\n<div class=\"separator\" style=\"clear: both; text-align: center;\">\n<\/div>\n<p><\/div>\n","protected":false},"excerpt":{"rendered":"<p>Fotos: WhatsApp\/Cortesia O acidente ocorreu neste domingo (04), no bairro Maur\u00edcio de Nassau, pr\u00f3ximo a pra\u00e7a Chico Porto, onde segundo&hellip;<\/p>\n","protected":false},"author":1,"featured_media":0,"comment_status":"open","ping_status":"open","sticky":false,"template":"","format":"standard","meta":{"footnotes":""},"categories":[1],"tags":[3835,1413,2,6],"class_list":["post-3336","post","type-post","status-publish","format-standard","hentry","category-sem-categoria","tag-avanco-em-semaforos-causa-acidente-entre-dois-carros-em-caruaru","tag-bairro-mauricio-de-nassau","tag-blog-do-edvaldo-magalhaes","tag-noticias"],"_links":{"self":[{"href":"https:\/\/blogdoedvaldomagalhaes.com.br\/index.php\/wp-json\/wp\/v2\/posts\/3336","targetHints":{"allow":["GET"]}}],"collection":[{"href":"https:\/\/blogdoedvaldomagalhaes.com.br\/index.php\/wp-json\/wp\/v2\/posts"}],"about":[{"href":"https:\/\/blogdoedvaldomagalhaes.com.br\/index.php\/wp-json\/wp\/v2\/types\/post"}],"author":[{"embeddable":true,"href":"https:\/\/blogdoedvaldomagalhaes.com.br\/index.php\/wp-json\/wp\/v2\/users\/1"}],"replies":[{"embeddable":true,"href":"https:\/\/blogdoedvaldomagalhaes.com.br\/index.php\/wp-json\/wp\/v2\/comments?post=3336"}],"version-history":[{"count":1,"href":"https:\/\/blogdoedvaldomagalhaes.com.br\/index.php\/wp-json\/wp\/v2\/posts\/3336\/revisions"}],"predecessor-version":[{"id":28209,"href":"https:\/\/blogdoedvaldomagalhaes.com.br\/index.php\/wp-json\/wp\/v2\/posts\/3336\/revisions\/28209"}],"wp:attachment":[{"href":"https:\/\/blogdoedvaldomagalhaes.com.br\/index.php\/wp-json\/wp\/v2\/media?parent=3336"}],"wp:term":[{"taxonomy":"category","embeddable":true,"href":"https:\/\/blogdoedvaldomagalhaes.com.br\/index.php\/wp-json\/wp\/v2\/categories?post=3336"},{"taxonomy":"post_tag","embeddable":true,"href":"https:\/\/blogdoedvaldomagalhaes.com.br\/index.php\/wp-json\/wp\/v2\/tags?post=3336"}],"curies":[{"name":"wp","href":"https:\/\/api.w.org\/{rel}","templated":true}]}}