{"id":3335,"date":"2018-02-05T00:32:00","date_gmt":"2018-02-05T02:32:00","guid":{"rendered":"http:\/\/blogdoedvaldomagalhaes.com.br\/index.php\/2018\/02\/05\/jovem-assassinado-em-caruaru-neste-de\/"},"modified":"2019-02-09T02:01:26","modified_gmt":"2019-02-09T04:01:26","slug":"jovem-assassinado-em-caruaru-neste-de","status":"publish","type":"post","link":"https:\/\/blogdoedvaldomagalhaes.com.br\/index.php\/2018\/02\/05\/jovem-assassinado-em-caruaru-neste-de\/","title":{"rendered":"Jovem assassinado em Caruaru neste de domingo (4)"},"content":{"rendered":"<div class=\"separator\" style=\"clear: both; text-align: center;\">\n<a href=\"https:\/\/3.bp.blogspot.com\/-rmbMJa6S7eQ\/WnekwhGbArI\/AAAAAAAApoQ\/3RmC9RGULPAiRWRhBRdXFmWxY33X9jNQwCLcBGAs\/s1600\/crime.jpg\" imageanchor=\"1\" style=\"margin-left: 1em; margin-right: 1em;\"><img loading=\"lazy\" decoding=\"async\" border=\"0\" data-original-height=\"467\" data-original-width=\"540\" height=\"550\" src=\"http:\/\/blogdoedvaldomagalhaes.com.br\/wp-content\/uploads\/2018\/02\/crime-1.jpg\" width=\"640\" \/><\/a><\/div>\n<div style=\"text-align: center;\">\nFoto: WhatsApp\/Cortesia<\/div>\n<div style=\"text-align: center;\">\n<\/div>\n<div style=\"text-align: justify;\">\nLamentavelmente o jovem Lucas Ant\u00f4nio da Silva Santos, de 17 anos anos, que morava na rua Projetada, no Loteamento S\u00e3o Jos\u00e9 2, em Caruaru, integrante do Boi Tira Teima, foi assassinado quando voltava de um bloco carnavalesco, na noite deste domingo (04). Lucas e um amigo estavam passando na rua Venezuela, no bairro Cedro, pr\u00f3ximo a linha trem, quando saiu um indiv\u00edduo ainda n\u00e3o identificado do matagal atirando e matando o jovem. O colega da v\u00edtima n\u00e3o foi atingido pelos disparos de arma de fogo. J\u00e1 s\u00e3o cinco crimes de morte neste fim semana na Capital do Agreste.<\/p>\n<p><\/p>\n<div class=\"separator\" style=\"clear: both; text-align: center;\">\n<a href=\"https:\/\/2.bp.blogspot.com\/-1bIkd5PegvY\/Wne0pjtdFnI\/AAAAAAAApoc\/JCTeqYy8UJ8uUn8M9lqncyJ7aA0Hmjh1wCLcBGAs\/s1600\/IMG-20180204-WA0238.jpg\" imageanchor=\"1\" style=\"margin-left: 1em; margin-right: 1em;\"><img loading=\"lazy\" decoding=\"async\" border=\"0\" data-original-height=\"248\" data-original-width=\"239\" height=\"640\" src=\"http:\/\/blogdoedvaldomagalhaes.com.br\/wp-content\/uploads\/2018\/02\/IMG-20180204-WA0238.jpg\" width=\"616\" \/><\/a>&nbsp;<\/div>\n<p>\nEste foi o 6\u00ba homic\u00eddio no m\u00eas de fevereiro e o 16\u00ba no ano de 2018 em Caruaru.<\/div>\n","protected":false},"excerpt":{"rendered":"<p>Foto: WhatsApp\/Cortesia Lamentavelmente o jovem Lucas Ant\u00f4nio da Silva Santos, de 17 anos anos, que morava na rua Projetada, no&hellip;<\/p>\n","protected":false},"author":1,"featured_media":0,"comment_status":"open","ping_status":"open","sticky":false,"template":"","format":"standard","meta":{"footnotes":""},"categories":[1],"tags":[3833,2,3834,13],"class_list":["post-3335","post","type-post","status-publish","format-standard","hentry","category-sem-categoria","tag-bairro-cedro","tag-blog-do-edvaldo-magalhaes","tag-jovem-assassinado-em-caruaru-neste-de-domingo-4","tag-policial"],"_links":{"self":[{"href":"https:\/\/blogdoedvaldomagalhaes.com.br\/index.php\/wp-json\/wp\/v2\/posts\/3335","targetHints":{"allow":["GET"]}}],"collection":[{"href":"https:\/\/blogdoedvaldomagalhaes.com.br\/index.php\/wp-json\/wp\/v2\/posts"}],"about":[{"href":"https:\/\/blogdoedvaldomagalhaes.com.br\/index.php\/wp-json\/wp\/v2\/types\/post"}],"author":[{"embeddable":true,"href":"https:\/\/blogdoedvaldomagalhaes.com.br\/index.php\/wp-json\/wp\/v2\/users\/1"}],"replies":[{"embeddable":true,"href":"https:\/\/blogdoedvaldomagalhaes.com.br\/index.php\/wp-json\/wp\/v2\/comments?post=3335"}],"version-history":[{"count":1,"href":"https:\/\/blogdoedvaldomagalhaes.com.br\/index.php\/wp-json\/wp\/v2\/posts\/3335\/revisions"}],"predecessor-version":[{"id":28212,"href":"https:\/\/blogdoedvaldomagalhaes.com.br\/index.php\/wp-json\/wp\/v2\/posts\/3335\/revisions\/28212"}],"wp:attachment":[{"href":"https:\/\/blogdoedvaldomagalhaes.com.br\/index.php\/wp-json\/wp\/v2\/media?parent=3335"}],"wp:term":[{"taxonomy":"category","embeddable":true,"href":"https:\/\/blogdoedvaldomagalhaes.com.br\/index.php\/wp-json\/wp\/v2\/categories?post=3335"},{"taxonomy":"post_tag","embeddable":true,"href":"https:\/\/blogdoedvaldomagalhaes.com.br\/index.php\/wp-json\/wp\/v2\/tags?post=3335"}],"curies":[{"name":"wp","href":"https:\/\/api.w.org\/{rel}","templated":true}]}}