{"id":3334,"date":"2018-02-05T10:11:00","date_gmt":"2018-02-05T12:11:00","guid":{"rendered":"http:\/\/blogdoedvaldomagalhaes.com.br\/index.php\/2018\/02\/05\/mais-de-1200-policiais-sao-formados\/"},"modified":"2019-02-09T02:01:26","modified_gmt":"2019-02-09T04:01:26","slug":"mais-de-1200-policiais-sao-formados","status":"publish","type":"post","link":"https:\/\/blogdoedvaldomagalhaes.com.br\/index.php\/2018\/02\/05\/mais-de-1200-policiais-sao-formados\/","title":{"rendered":"Mais de 1.200 policiais s\u00e3o formados para a seguran\u00e7a em Pernambuco"},"content":{"rendered":"<div class=\"separator\" style=\"clear: both; text-align: center;\">\n<a href=\"https:\/\/3.bp.blogspot.com\/-a2J_07fvYzE\/WngtqwnHl6I\/AAAAAAAApps\/oTaEHATtRnwa94EkkNrhervnftQFI40GgCLcBGAs\/s1600\/paulo.jpg\" imageanchor=\"1\" style=\"margin-left: 1em; margin-right: 1em;\"><img loading=\"lazy\" decoding=\"async\" border=\"0\" data-original-height=\"492\" data-original-width=\"640\" height=\"490\" src=\"http:\/\/blogdoedvaldomagalhaes.com.br\/wp-content\/uploads\/2018\/02\/paulo.jpg\" width=\"640\" \/><\/a><\/div>\n<div style=\"background-color: white; box-sizing: border-box; line-height: 24px; margin-bottom: 10px; text-align: center;\">\nFoto: Aluisio Moreira\/SEI<\/div>\n<div style=\"background-color: white; box-sizing: border-box; line-height: 24px; margin-bottom: 10px; text-align: justify;\">\nAs Pol\u00edcias Civil e Cient\u00edfica de Pernambuco ganham 1.214 novos profissionais a partir desta segunda-feira (05). O governador Paulo C\u00e2mara comandar\u00e1 a solenidade de formatura, \u00e0s 11h, no Teatro Guararapes, no Centro de Conven\u00e7\u00f5es.<\/div>\n<div style=\"background-color: white; box-sizing: border-box; line-height: 24px; margin-bottom: 10px; text-align: justify;\">\nOs homens e mulheres j\u00e1 entram de servi\u00e7o nas escalas do Carnaval 2018, que teve o esquema apresentado pelo governo na \u00faltima semana. Este ano, a for\u00e7a-tarefa da festa ter\u00e1 a amplia\u00e7\u00e3o de 32% do efetivo de seguran\u00e7a.<\/div>\n<div style=\"background-color: white; box-sizing: border-box; line-height: 24px; margin-bottom: 10px; text-align: justify;\">\nDos 1.214 profissionais nomeados, s\u00e3o 822 para a Pol\u00edcia Civil e 392 para a Pol\u00edcia Cient\u00edfica. Na Civil, s\u00e3o 139 delegados, 597 agentes e 86 escriv\u00e3es. J\u00e1 a Cient\u00edfica contar\u00e1 com 36 novos m\u00e9dicos legistas, 64 auxiliares de legista, 123 auxiliares de perito, 44 peritos papiloscopistas e 125 peritos criminais.<\/div>\n<div style=\"background-color: white; box-sizing: border-box; line-height: 24px; margin-bottom: 10px; text-align: justify;\">\nO incremento dos efetivos tamb\u00e9m vai possibilitar a descentraliza\u00e7\u00e3o de servi\u00e7os operacionais da Secretaria de Defesa Social (SDS) na Zona da Mata, Agreste e Sert\u00e3o.<\/div>\n<div style=\"background-color: white; box-sizing: border-box; line-height: 24px; margin-bottom: 10px; text-align: justify;\">\nO planejamento de seguran\u00e7a estadual prev\u00ea a cria\u00e7\u00e3o de seis unidades da pol\u00edcia. Elas contar\u00e3o com o novo efetivo e funcionar\u00e3o nos munic\u00edpios de Palmares, Nazar\u00e9 da Mata, Caruaru, Garanhuns, Afogados da Ingazeira, Arcoverde, Ouricuri, Petrolina e Salgueiro.<\/div>\n","protected":false},"excerpt":{"rendered":"<p>Foto: Aluisio Moreira\/SEI As Pol\u00edcias Civil e Cient\u00edfica de Pernambuco ganham 1.214 novos profissionais a partir desta segunda-feira (05). O&hellip;<\/p>\n","protected":false},"author":1,"featured_media":0,"comment_status":"open","ping_status":"open","sticky":false,"template":"","format":"standard","meta":{"footnotes":""},"categories":[1],"tags":[2,3832,999,13],"class_list":["post-3334","post","type-post","status-publish","format-standard","hentry","category-sem-categoria","tag-blog-do-edvaldo-magalhaes","tag-mais-de-1-200-policiais-sao-formados-para-a-seguranca-em-pernambuco","tag-paulo-camara","tag-policial"],"_links":{"self":[{"href":"https:\/\/blogdoedvaldomagalhaes.com.br\/index.php\/wp-json\/wp\/v2\/posts\/3334","targetHints":{"allow":["GET"]}}],"collection":[{"href":"https:\/\/blogdoedvaldomagalhaes.com.br\/index.php\/wp-json\/wp\/v2\/posts"}],"about":[{"href":"https:\/\/blogdoedvaldomagalhaes.com.br\/index.php\/wp-json\/wp\/v2\/types\/post"}],"author":[{"embeddable":true,"href":"https:\/\/blogdoedvaldomagalhaes.com.br\/index.php\/wp-json\/wp\/v2\/users\/1"}],"replies":[{"embeddable":true,"href":"https:\/\/blogdoedvaldomagalhaes.com.br\/index.php\/wp-json\/wp\/v2\/comments?post=3334"}],"version-history":[{"count":1,"href":"https:\/\/blogdoedvaldomagalhaes.com.br\/index.php\/wp-json\/wp\/v2\/posts\/3334\/revisions"}],"predecessor-version":[{"id":28214,"href":"https:\/\/blogdoedvaldomagalhaes.com.br\/index.php\/wp-json\/wp\/v2\/posts\/3334\/revisions\/28214"}],"wp:attachment":[{"href":"https:\/\/blogdoedvaldomagalhaes.com.br\/index.php\/wp-json\/wp\/v2\/media?parent=3334"}],"wp:term":[{"taxonomy":"category","embeddable":true,"href":"https:\/\/blogdoedvaldomagalhaes.com.br\/index.php\/wp-json\/wp\/v2\/categories?post=3334"},{"taxonomy":"post_tag","embeddable":true,"href":"https:\/\/blogdoedvaldomagalhaes.com.br\/index.php\/wp-json\/wp\/v2\/tags?post=3334"}],"curies":[{"name":"wp","href":"https:\/\/api.w.org\/{rel}","templated":true}]}}