{"id":3331,"date":"2018-02-05T23:17:00","date_gmt":"2018-02-06T01:17:00","guid":{"rendered":"http:\/\/blogdoedvaldomagalhaes.com.br\/index.php\/2018\/02\/05\/central-de-caruaru-com-dois-desfalques\/"},"modified":"2019-02-09T02:01:28","modified_gmt":"2019-02-09T04:01:28","slug":"central-de-caruaru-com-dois-desfalques","status":"publish","type":"post","link":"https:\/\/blogdoedvaldomagalhaes.com.br\/index.php\/2018\/02\/05\/central-de-caruaru-com-dois-desfalques\/","title":{"rendered":"Central de Caruaru com dois desfalques para enfrentar o Am\u00e9rica-PE"},"content":{"rendered":"<div class=\"separator\" style=\"clear: both; text-align: center;\">\n<a href=\"https:\/\/2.bp.blogspot.com\/-5anwYKAEC_s\/WnjlW6krQDI\/AAAAAAAApsM\/B2HxsmxhB7g56GIOGl4dBIAjKnFsH-4mACLcBGAs\/s1600\/central.jpg\" imageanchor=\"1\" style=\"margin-left: 1em; margin-right: 1em;\"><img loading=\"lazy\" decoding=\"async\" border=\"0\" data-original-height=\"540\" data-original-width=\"960\" height=\"360\" src=\"http:\/\/blogdoedvaldomagalhaes.com.br\/wp-content\/uploads\/2018\/02\/central.jpg\" width=\"640\" \/><\/a><\/div>\n<div style=\"text-align: justify;\">\n<\/div>\n<p><\/p>\n<div style=\"text-align: justify;\">\nAp\u00f3s o empate com o Sport, por 1&#215;1 no \u00faltimo s\u00e1bado (03), o elenco Centralino se reapresentou nesta segunda-feira (05), visando o confronto contra o Am\u00b4rica-PE, na pr\u00f3xima quarta-feira (07),&nbsp;\u00e0s 20h, no est\u00e1dio Ademir Cunha em Paulista.<\/div>\n<div style=\"text-align: justify;\">\n<\/div>\n<div style=\"text-align: justify;\">\nPela manh\u00e3, houve um trabalho na academia. No turno da tarde um trabalho t\u00e9cnico t\u00e1tico no Lacerd\u00e3o.<\/div>\n<div style=\"text-align: justify;\">\n<\/div>\n<div style=\"text-align: justify;\">\nO volante Eduardo Er\u00ea (suspenso) e o meia J\u00fanior Lemos (fissura no tornozelo direito) est\u00e3o fora da partida desta quarta-feira. O volante Graxa e o atacante Leandro Costa n\u00e3o treinaram nesta segunda, foram poupados, mas n\u00e3o ser\u00e3o problemas para esta quarta.<\/div>\n<div style=\"text-align: justify;\">\n<\/div>\n<div style=\"text-align: justify;\">\nNesta ter\u00e7a-feira (06), \u00e0 tarde haver\u00e1 um coletivo que dever\u00e1 definir o time que vai come\u00e7ar o duelo contra o Mequinha.<\/div>\n","protected":false},"excerpt":{"rendered":"<p>Ap\u00f3s o empate com o Sport, por 1&#215;1 no \u00faltimo s\u00e1bado (03), o elenco Centralino se reapresentou nesta segunda-feira (05),&hellip;<\/p>\n","protected":false},"author":1,"featured_media":0,"comment_status":"open","ping_status":"open","sticky":false,"template":"","format":"standard","meta":{"footnotes":""},"categories":[1],"tags":[2,3824,3825,3826,3,3827,3828,522],"class_list":["post-3331","post","type-post","status-publish","format-standard","hentry","category-sem-categoria","tag-blog-do-edvaldo-magalhaes","tag-central-de-caruaru-com-dois-desfalques-para-enfrentar-o-america-pe","tag-eduardo-ere","tag-estadio-ademir-cunha","tag-futebol","tag-graxa","tag-junior-lemos","tag-leandro-costa"],"_links":{"self":[{"href":"https:\/\/blogdoedvaldomagalhaes.com.br\/index.php\/wp-json\/wp\/v2\/posts\/3331","targetHints":{"allow":["GET"]}}],"collection":[{"href":"https:\/\/blogdoedvaldomagalhaes.com.br\/index.php\/wp-json\/wp\/v2\/posts"}],"about":[{"href":"https:\/\/blogdoedvaldomagalhaes.com.br\/index.php\/wp-json\/wp\/v2\/types\/post"}],"author":[{"embeddable":true,"href":"https:\/\/blogdoedvaldomagalhaes.com.br\/index.php\/wp-json\/wp\/v2\/users\/1"}],"replies":[{"embeddable":true,"href":"https:\/\/blogdoedvaldomagalhaes.com.br\/index.php\/wp-json\/wp\/v2\/comments?post=3331"}],"version-history":[{"count":1,"href":"https:\/\/blogdoedvaldomagalhaes.com.br\/index.php\/wp-json\/wp\/v2\/posts\/3331\/revisions"}],"predecessor-version":[{"id":28221,"href":"https:\/\/blogdoedvaldomagalhaes.com.br\/index.php\/wp-json\/wp\/v2\/posts\/3331\/revisions\/28221"}],"wp:attachment":[{"href":"https:\/\/blogdoedvaldomagalhaes.com.br\/index.php\/wp-json\/wp\/v2\/media?parent=3331"}],"wp:term":[{"taxonomy":"category","embeddable":true,"href":"https:\/\/blogdoedvaldomagalhaes.com.br\/index.php\/wp-json\/wp\/v2\/categories?post=3331"},{"taxonomy":"post_tag","embeddable":true,"href":"https:\/\/blogdoedvaldomagalhaes.com.br\/index.php\/wp-json\/wp\/v2\/tags?post=3331"}],"curies":[{"name":"wp","href":"https:\/\/api.w.org\/{rel}","templated":true}]}}