{"id":3330,"date":"2018-02-05T23:26:00","date_gmt":"2018-02-06T01:26:00","guid":{"rendered":"http:\/\/blogdoedvaldomagalhaes.com.br\/index.php\/2018\/02\/05\/homem-assassinado-com-golpe-de-faca\/"},"modified":"2019-02-09T02:01:29","modified_gmt":"2019-02-09T04:01:29","slug":"homem-assassinado-com-golpe-de-faca","status":"publish","type":"post","link":"https:\/\/blogdoedvaldomagalhaes.com.br\/index.php\/2018\/02\/05\/homem-assassinado-com-golpe-de-faca\/","title":{"rendered":"Homem assassinado com golpe de faca peixeira em Caruaru"},"content":{"rendered":"<div class=\"separator\" style=\"clear: both; text-align: center;\">\n<a href=\"https:\/\/3.bp.blogspot.com\/-zh5deAxeD_8\/WnkTX_m8cFI\/AAAAAAAApuI\/-wG366koPxo9GFkw516z6_Lx5oDuH4AygCLcBGAs\/s1600\/IMG-20180205-WA0188.jpg\" imageanchor=\"1\" style=\"margin-left: 1em; margin-right: 1em;\"><img loading=\"lazy\" decoding=\"async\" border=\"0\" data-original-height=\"378\" data-original-width=\"720\" height=\"336\" src=\"http:\/\/blogdoedvaldomagalhaes.com.br\/wp-content\/uploads\/2018\/02\/IMG-20180205-WA0188.jpg\" width=\"640\" \/><\/a>&nbsp;Foto: Josias Souza&nbsp;<\/div>\n<p><\/p>\n<div style=\"text-align: justify;\">\nPor volta das 17h15 desta segunda-feira (05), houve uma briga entre dois homens na Travessa Ad\u00e9lia Leal, entre os bairros Vassoural e Petr\u00f3polis, em Caruaru. Um homem identificado pelo nome de Marcos Andr\u00e9 Silva, de 40 anos de idade, que era de Santa Cruz do Capibaribe, e estava morando em um 1\u00ba andar na referida travessa, tentou correr, mas foi atingido com um golpe de faca peixeira pelas costas, morrendo no local. O corpo foi encaminhado para o IML de Caruaru.<\/p>\n<p>A Pol\u00edcia Militar prendeu o suspeito de ter praticado o crime de morte, Jos\u00e9 Wellington, Gomes dos Santos, de 21 anos, que reside na rua Alfredo Pinto, no bairro Santa Rosa. Ele estava em uma bicicleta no bairro Indian\u00f3polis, com um ferimento, sendo levado para a UPAE, e depois para a Delegacia de Homic\u00eddios.<\/p>\n<p>Este foi o 7\u00ba homic\u00eddio no m\u00eas de fevereiro e o 17\u00ba no ano de 2018, em Caruaru.<\/p><\/div>\n","protected":false},"excerpt":{"rendered":"<p>&nbsp;Foto: Josias Souza&nbsp; Por volta das 17h15 desta segunda-feira (05), houve uma briga entre dois homens na Travessa Ad\u00e9lia Leal,&hellip;<\/p>\n","protected":false},"author":1,"featured_media":0,"comment_status":"open","ping_status":"open","sticky":false,"template":"","format":"standard","meta":{"footnotes":""},"categories":[1],"tags":[2,3823,13],"class_list":["post-3330","post","type-post","status-publish","format-standard","hentry","category-sem-categoria","tag-blog-do-edvaldo-magalhaes","tag-homem-assassinado-com-golpe-de-faca-peixeira-em-caruaru","tag-policial"],"_links":{"self":[{"href":"https:\/\/blogdoedvaldomagalhaes.com.br\/index.php\/wp-json\/wp\/v2\/posts\/3330","targetHints":{"allow":["GET"]}}],"collection":[{"href":"https:\/\/blogdoedvaldomagalhaes.com.br\/index.php\/wp-json\/wp\/v2\/posts"}],"about":[{"href":"https:\/\/blogdoedvaldomagalhaes.com.br\/index.php\/wp-json\/wp\/v2\/types\/post"}],"author":[{"embeddable":true,"href":"https:\/\/blogdoedvaldomagalhaes.com.br\/index.php\/wp-json\/wp\/v2\/users\/1"}],"replies":[{"embeddable":true,"href":"https:\/\/blogdoedvaldomagalhaes.com.br\/index.php\/wp-json\/wp\/v2\/comments?post=3330"}],"version-history":[{"count":1,"href":"https:\/\/blogdoedvaldomagalhaes.com.br\/index.php\/wp-json\/wp\/v2\/posts\/3330\/revisions"}],"predecessor-version":[{"id":28223,"href":"https:\/\/blogdoedvaldomagalhaes.com.br\/index.php\/wp-json\/wp\/v2\/posts\/3330\/revisions\/28223"}],"wp:attachment":[{"href":"https:\/\/blogdoedvaldomagalhaes.com.br\/index.php\/wp-json\/wp\/v2\/media?parent=3330"}],"wp:term":[{"taxonomy":"category","embeddable":true,"href":"https:\/\/blogdoedvaldomagalhaes.com.br\/index.php\/wp-json\/wp\/v2\/categories?post=3330"},{"taxonomy":"post_tag","embeddable":true,"href":"https:\/\/blogdoedvaldomagalhaes.com.br\/index.php\/wp-json\/wp\/v2\/tags?post=3330"}],"curies":[{"name":"wp","href":"https:\/\/api.w.org\/{rel}","templated":true}]}}