{"id":3328,"date":"2018-02-06T00:01:00","date_gmt":"2018-02-06T02:01:00","guid":{"rendered":"http:\/\/blogdoedvaldomagalhaes.com.br\/index.php\/2018\/02\/06\/detran-e-ipem-assinam-convenio-de\/"},"modified":"2019-02-09T02:01:32","modified_gmt":"2019-02-09T04:01:32","slug":"detran-e-ipem-assinam-convenio-de","status":"publish","type":"post","link":"https:\/\/blogdoedvaldomagalhaes.com.br\/index.php\/2018\/02\/06\/detran-e-ipem-assinam-convenio-de\/","title":{"rendered":"DETRAN e IPEM assinam conv\u00eanio de coopera\u00e7\u00e3o t\u00e9cnica para fiscalizar tac\u00f3grafos"},"content":{"rendered":"<div class=\"separator\" style=\"clear: both; text-align: center;\">\n<a href=\"http:\/\/blogdoedvaldomagalhaes.com.br\/wp-content\/uploads\/2018\/02\/gov-1024x683.jpg\" imageanchor=\"1\" style=\"margin-left: 1em; margin-right: 1em;\"><img decoding=\"async\" border=\"0\" data-original-height=\"683\" data-original-width=\"1024\" src=\"http:\/\/blogdoedvaldomagalhaes.com.br\/wp-content\/uploads\/2018\/02\/gov-1024x683.jpg\" \/><\/a><\/div>\n<div style=\"background-color: white; box-sizing: border-box; line-height: 24px; margin-bottom: 10px; text-align: center;\">\nFoto: Paulo Maciel\/DETRAN-PE<\/div>\n<div style=\"background-color: white; box-sizing: border-box; line-height: 24px; margin-bottom: 10px; text-align: justify;\">\nO diretor-presidente do Departamento Estadual de Tr\u00e2nsito de Pernambuco (DETRAN), Charles Ribeiro, e o diretor-presidente do Instituto de Pesos e Medidas de Pernambuco (IPEM), Adriano Nem\u00e9sio Martins, assinaram nesta segunda-feira (05), conv\u00eanio de coopera\u00e7\u00e3o t\u00e9cnica para a fiscaliza\u00e7\u00e3o do certificado de verifica\u00e7\u00e3o metrol\u00f3gica em ve\u00edculos com obrigatoriedade de uso do Registrador Instant\u00e2neo Inalter\u00e1vel de Velocidade e Tempo, popularmente conhecido como tac\u00f3grafo.<\/div>\n<div style=\"background-color: white; box-sizing: border-box; line-height: 24px; margin-bottom: 10px; text-align: justify;\">\nConforme informou Ribeiro, esse equipamento \u00e9 um item obrigat\u00f3rio para ve\u00edculos de transporte de carga com peso bruto total acima de 4.536 kg, para os de transporte de passageiros com mais de dez lugares e os de transporte de escolares, tendo sua regulamenta\u00e7\u00e3o pelo Conselho Nacional de Tr\u00e2nsito \u2013 CONTRAN, exig\u00eancia do C\u00f3digo de Tr\u00e2nsito Brasileiro \u2013 CTB, e caber\u00e1 ao \u00d3rg\u00e3o de tr\u00e2nsito de Pernambuco fiscalizar, quando da emiss\u00e3o dos CRLV\/CRV, o cumprimento da legisla\u00e7\u00e3o aplic\u00e1vel aos ve\u00edculos obrigados \u00e0 utiliza\u00e7\u00e3o do tac\u00f3grafo; Armazenar, no RENAVAM, as informa\u00e7\u00f5es pertinentes \u00e0 emiss\u00e3o e validade dos certificados metrol\u00f3gicos; Determinar que o registro e licenciamento dos ve\u00edculos que utilizem obrigatoriamente o tac\u00f3grafo, somente sej\u00e1 efetivado, mediante comprova\u00e7\u00e3o de verifica\u00e7\u00e3o metrol\u00f3gica com a emiss\u00e3o do certificado pelo INMETRO ou por entidade delegada ou credenciada; Permitir que o IPEM impute na Base de Registro de Ve\u00edculos do DETRAN, Restri\u00e7\u00e3o Administrativa, impeditiva de aliena\u00e7\u00e3o e licenciamento, relativa \u00e0s multas por infra\u00e7\u00e3o dos ve\u00edculos que descumprirem as regras estabelecidas; Disponibilizar as informa\u00e7\u00f5es dos ve\u00edculos com restri\u00e7\u00e3o espec\u00edfica do IPEM\/PE para outros \u00f3rg\u00e3os do Sistema Nacional de Tr\u00e2nsito \u2013 SNT devidamente conveniados com o DETRAN.<\/div>\n<div style=\"background-color: white; box-sizing: border-box; line-height: 24px; margin-bottom: 10px; text-align: justify;\">\nJ\u00e1 para Adriano, o tac\u00f3grafo registra instantaneamente, de forma continua e inalter\u00e1vel, a movimenta\u00e7\u00e3o desses ve\u00edculos, que s\u00e3o informa\u00e7\u00f5es valios\u00edssimos sob o ponto de vista da preven\u00e7\u00e3o e da seguran\u00e7a vi\u00e1ria, ainda permitindo, a partir desses registros, a reconstitui\u00e7\u00e3o dos movimentos propiciando a an\u00e1lise de acidentes e incidentes de forma segura e isenta. Essa a\u00e7\u00e3o \u00e9 de grande import\u00e2ncia para a preven\u00e7\u00e3o de acidentes nas estradas, garantindo mais seguran\u00e7a para os condutores.<\/div>\n<div style=\"background-color: white; box-sizing: border-box; line-height: 24px; margin-bottom: 10px; text-align: justify;\">\nA partir desse termo firmado, que \u00e9 uma determina\u00e7\u00e3o do governador Paulo C\u00e2mara, tendo como objetivo principal ampliar a preven\u00e7\u00e3o de acidentes e consequentemente salvar ainda mais vidas, ser\u00e3o celebradas as seguintes mudan\u00e7as entre os dois \u00d3rg\u00e3os: O IPEM dever\u00e1 Informar a leitura e emitir certificado de tac\u00f3grafo; Disponibilizar consulta ao certificado atrav\u00e9s do site; Disponibilizar consulta \u00e0 \u201csitua\u00e7\u00e3o da verifica\u00e7\u00e3o do tac\u00f3grafo\u201d de um ve\u00edculo, atrav\u00e9s de acesso \u00e0 base de dados do INMETRO; Manter o DETRAN informado sobre as eventuais altera\u00e7\u00f5es nos regramentos do tac\u00f3grafo; Informar eletronicamente&nbsp;ao DETRAN as emiss\u00f5es de certificados v\u00e1lidos destinados ao cumprimento das obriga\u00e7\u00f5es&nbsp;estabelecidas neste termo; Disponibilizar as informa\u00e7\u00f5es dos ve\u00edculos com restri\u00e7\u00e3o espec\u00edfica do IPEM\/PE para outros \u00f3rg\u00e3os do Sistema Nacional de Tr\u00e2nsito \u2013 SNT devidamente conveniados com o DETRAN.<\/div>\n<div style=\"background-color: white; box-sizing: border-box; line-height: 24px; margin-bottom: 10px; text-align: justify;\">\nEstiveram presentes no evento o Diretor da Rede Brasileira de Metrologia \u2013 Inmetro, Pedro Paulo; o Diretor Geral do DETRAN-PE, Sebasti\u00e3o Marinho; e o Diretor Tesoureiro da Associa\u00e7\u00e3o Nacional de Posto de Ensaio de Cronotac\u00f3grafos \u2013 ANPECI, Murillo Moura Filho.<\/div>\n<div style=\"background-color: white; box-sizing: border-box; font-family: Lato, sans-serif; font-size: 13px; line-height: 24px; margin-bottom: 10px;\">\n<\/div>\n","protected":false},"excerpt":{"rendered":"<p>Foto: Paulo Maciel\/DETRAN-PE O diretor-presidente do Departamento Estadual de Tr\u00e2nsito de Pernambuco (DETRAN), Charles Ribeiro, e o diretor-presidente do Instituto&hellip;<\/p>\n","protected":false},"author":1,"featured_media":0,"comment_status":"open","ping_status":"open","sticky":false,"template":"","format":"standard","meta":{"footnotes":""},"categories":[1],"tags":[3819,2,3820,3821,6],"class_list":["post-3328","post","type-post","status-publish","format-standard","hentry","category-sem-categoria","tag-adriano-nemesio-martins","tag-blog-do-edvaldo-magalhaes","tag-charles-ribeiro","tag-detran-e-ipem-assinam-convenio-de-cooperacao-tecnica-para-fiscalizar-tacografos","tag-noticias"],"_links":{"self":[{"href":"https:\/\/blogdoedvaldomagalhaes.com.br\/index.php\/wp-json\/wp\/v2\/posts\/3328","targetHints":{"allow":["GET"]}}],"collection":[{"href":"https:\/\/blogdoedvaldomagalhaes.com.br\/index.php\/wp-json\/wp\/v2\/posts"}],"about":[{"href":"https:\/\/blogdoedvaldomagalhaes.com.br\/index.php\/wp-json\/wp\/v2\/types\/post"}],"author":[{"embeddable":true,"href":"https:\/\/blogdoedvaldomagalhaes.com.br\/index.php\/wp-json\/wp\/v2\/users\/1"}],"replies":[{"embeddable":true,"href":"https:\/\/blogdoedvaldomagalhaes.com.br\/index.php\/wp-json\/wp\/v2\/comments?post=3328"}],"version-history":[{"count":1,"href":"https:\/\/blogdoedvaldomagalhaes.com.br\/index.php\/wp-json\/wp\/v2\/posts\/3328\/revisions"}],"predecessor-version":[{"id":28234,"href":"https:\/\/blogdoedvaldomagalhaes.com.br\/index.php\/wp-json\/wp\/v2\/posts\/3328\/revisions\/28234"}],"wp:attachment":[{"href":"https:\/\/blogdoedvaldomagalhaes.com.br\/index.php\/wp-json\/wp\/v2\/media?parent=3328"}],"wp:term":[{"taxonomy":"category","embeddable":true,"href":"https:\/\/blogdoedvaldomagalhaes.com.br\/index.php\/wp-json\/wp\/v2\/categories?post=3328"},{"taxonomy":"post_tag","embeddable":true,"href":"https:\/\/blogdoedvaldomagalhaes.com.br\/index.php\/wp-json\/wp\/v2\/tags?post=3328"}],"curies":[{"name":"wp","href":"https:\/\/api.w.org\/{rel}","templated":true}]}}