{"id":3312,"date":"2018-02-07T17:58:00","date_gmt":"2018-02-07T19:58:00","guid":{"rendered":"http:\/\/blogdoedvaldomagalhaes.com.br\/index.php\/2018\/02\/07\/tio-e-preso-acusado-de-abusar-da\/"},"modified":"2019-02-09T02:01:39","modified_gmt":"2019-02-09T04:01:39","slug":"tio-e-preso-acusado-de-abusar-da","status":"publish","type":"post","link":"https:\/\/blogdoedvaldomagalhaes.com.br\/index.php\/2018\/02\/07\/tio-e-preso-acusado-de-abusar-da\/","title":{"rendered":"Tio \u00e9 preso acusado de abusar da sobrinha de 12 anos"},"content":{"rendered":"<div class=\"separator\" style=\"clear: both; text-align: center;\">\n<a href=\"https:\/\/4.bp.blogspot.com\/-v_r8k5CE5co\/Wns-F0N6uNI\/AAAAAAAApy4\/ZJ4PTvtnqEwsI2z7rUbhBYDCk-fBNi0ygCLcBGAs\/s1600\/crime.jpg\" imageanchor=\"1\" style=\"margin-left: 1em; margin-right: 1em;\"><img loading=\"lazy\" decoding=\"async\" border=\"0\" data-original-height=\"300\" data-original-width=\"835\" height=\"228\" src=\"http:\/\/blogdoedvaldomagalhaes.com.br\/wp-content\/uploads\/2018\/02\/crime-2.jpg\" width=\"640\" \/><\/a><\/div>\n<div style=\"text-align: justify;\">\nPoliciais militares do 4\u00ba BPM foram acionados, no in\u00edcio da madrugada desta quarta-feira (07), para apurar um caso de estupro de vulner\u00e1vel no bairro da Boa Vista, em Altinho, no Agreste pernambucano. Um popular repassou, atrav\u00e9s do Whatsapp, v\u00eddeos \u00edntimos da menor, de 12 anos, relatando que ela estaria sofrendo abusos por parte de seu pr\u00f3prio tio.<\/div>\n<div style=\"text-align: justify;\">\n<\/div>\n<div style=\"text-align: justify;\">\nDe imediato, o efetivo se deslocou para o local indicado pelo denunciante, encontrando o acusado e a menina praticamente despidos. A crian\u00e7a relatou aos policiais que os abusos ocorriam desde que ela tinha 6 anos de idade e que, por diversas vezes, foi amea\u00e7ada para que n\u00e3o denunciasse o crime. Ainda foi encontrado na cama do suspeito uma pe\u00e7a \u00edntima pertencente \u00e0 v\u00edtima.<\/div>\n<div style=\"text-align: justify;\">\n<\/div>\n<div style=\"text-align: justify;\">\nDiante dos fatos, a fam\u00edlia da garota foi informada dos abusos e as partes foram levadas para a Delegacia de Pol\u00edcia Civil do munic\u00edpio para que fosse lavrado o auto de flagrante delito por estupro de vulner\u00e1vel.<\/p>\n<p>Informa\u00e7\u00f5es repassadas pela Pol\u00edcia Militar de Pernambuco.<\/p><\/div>\n","protected":false},"excerpt":{"rendered":"<p>Policiais militares do 4\u00ba BPM foram acionados, no in\u00edcio da madrugada desta quarta-feira (07), para apurar um caso de estupro&hellip;<\/p>\n","protected":false},"author":1,"featured_media":0,"comment_status":"open","ping_status":"open","sticky":false,"template":"","format":"standard","meta":{"footnotes":""},"categories":[1],"tags":[2,13,3796],"class_list":["post-3312","post","type-post","status-publish","format-standard","hentry","category-sem-categoria","tag-blog-do-edvaldo-magalhaes","tag-policial","tag-tio-e-preso-acusado-de-abusar-da-sobrinha-de-12-anos"],"_links":{"self":[{"href":"https:\/\/blogdoedvaldomagalhaes.com.br\/index.php\/wp-json\/wp\/v2\/posts\/3312","targetHints":{"allow":["GET"]}}],"collection":[{"href":"https:\/\/blogdoedvaldomagalhaes.com.br\/index.php\/wp-json\/wp\/v2\/posts"}],"about":[{"href":"https:\/\/blogdoedvaldomagalhaes.com.br\/index.php\/wp-json\/wp\/v2\/types\/post"}],"author":[{"embeddable":true,"href":"https:\/\/blogdoedvaldomagalhaes.com.br\/index.php\/wp-json\/wp\/v2\/users\/1"}],"replies":[{"embeddable":true,"href":"https:\/\/blogdoedvaldomagalhaes.com.br\/index.php\/wp-json\/wp\/v2\/comments?post=3312"}],"version-history":[{"count":1,"href":"https:\/\/blogdoedvaldomagalhaes.com.br\/index.php\/wp-json\/wp\/v2\/posts\/3312\/revisions"}],"predecessor-version":[{"id":28266,"href":"https:\/\/blogdoedvaldomagalhaes.com.br\/index.php\/wp-json\/wp\/v2\/posts\/3312\/revisions\/28266"}],"wp:attachment":[{"href":"https:\/\/blogdoedvaldomagalhaes.com.br\/index.php\/wp-json\/wp\/v2\/media?parent=3312"}],"wp:term":[{"taxonomy":"category","embeddable":true,"href":"https:\/\/blogdoedvaldomagalhaes.com.br\/index.php\/wp-json\/wp\/v2\/categories?post=3312"},{"taxonomy":"post_tag","embeddable":true,"href":"https:\/\/blogdoedvaldomagalhaes.com.br\/index.php\/wp-json\/wp\/v2\/tags?post=3312"}],"curies":[{"name":"wp","href":"https:\/\/api.w.org\/{rel}","templated":true}]}}