{"id":33,"date":"2019-02-06T15:04:00","date_gmt":"2019-02-06T17:04:00","guid":{"rendered":"http:\/\/blogdoedvaldomagalhaes.com.br\/index.php\/2019\/02\/06\/laura-gomes-assume-secretaria-executiva\/"},"modified":"2019-02-10T10:50:39","modified_gmt":"2019-02-10T13:50:39","slug":"laura-gomes-assume-secretaria-executiva","status":"publish","type":"post","link":"https:\/\/blogdoedvaldomagalhaes.com.br\/index.php\/2019\/02\/06\/laura-gomes-assume-secretaria-executiva\/","title":{"rendered":"Laura Gomes assume secretaria Executiva no Governo do Estado"},"content":{"rendered":"<div style=\"text-align: justify;\">Nesta quarta-feira (6), a ex-deputada estadual Laura Gomes foi nomeada pelo governador Paulo C\u00e2mara para assumir a Secretaria Executiva de Desenvolvimento Social, Crian\u00e7a e Juventude. \u201cVou seguir trabalhando e lutando para melhorar a vida das pessoas. Estou \u00e0 disposi\u00e7\u00e3o e disposta para essa nova etapa da minha trajet\u00f3ria pol\u00edtica\u201d, afirmou.<\/div>\n<div style=\"text-align: justify;\"><\/div>\n<div style=\"text-align: justify;\">Laura vai trabalhar diretamente com Sileno Guedes, Secret\u00e1rio de Desenvolvimento Social, Crian\u00e7a e Juventude com quem mant\u00e9m \u00f3tima rela\u00e7\u00e3o durante toda a vida partid\u00e1ria no PSB. \u201cAgrade\u00e7o as mensagens de apoio que tenho recebido pelas redes sociais. Estou com a energia renovada para esse novo desafio\u201d, disse.<\/div>\n","protected":false},"excerpt":{"rendered":"<p>Nesta quarta-feira (6), a ex-deputada estadual Laura Gomes foi nomeada pelo governador Paulo C\u00e2mara para assumir a Secretaria Executiva de&hellip;<\/p>\n","protected":false},"author":1,"featured_media":37990,"comment_status":"open","ping_status":"open","sticky":false,"template":"","format":"standard","meta":{"footnotes":""},"categories":[14122],"tags":[2,39,20],"class_list":["post-33","post","type-post","status-publish","format-standard","has-post-thumbnail","hentry","category-politica","tag-blog-do-edvaldo-magalhaes","tag-laura-gomes-assume-secretaria-executiva-no-governo-do-estado","tag-politica"],"_links":{"self":[{"href":"https:\/\/blogdoedvaldomagalhaes.com.br\/index.php\/wp-json\/wp\/v2\/posts\/33","targetHints":{"allow":["GET"]}}],"collection":[{"href":"https:\/\/blogdoedvaldomagalhaes.com.br\/index.php\/wp-json\/wp\/v2\/posts"}],"about":[{"href":"https:\/\/blogdoedvaldomagalhaes.com.br\/index.php\/wp-json\/wp\/v2\/types\/post"}],"author":[{"embeddable":true,"href":"https:\/\/blogdoedvaldomagalhaes.com.br\/index.php\/wp-json\/wp\/v2\/users\/1"}],"replies":[{"embeddable":true,"href":"https:\/\/blogdoedvaldomagalhaes.com.br\/index.php\/wp-json\/wp\/v2\/comments?post=33"}],"version-history":[{"count":4,"href":"https:\/\/blogdoedvaldomagalhaes.com.br\/index.php\/wp-json\/wp\/v2\/posts\/33\/revisions"}],"predecessor-version":[{"id":38245,"href":"https:\/\/blogdoedvaldomagalhaes.com.br\/index.php\/wp-json\/wp\/v2\/posts\/33\/revisions\/38245"}],"wp:featuredmedia":[{"embeddable":true,"href":"https:\/\/blogdoedvaldomagalhaes.com.br\/index.php\/wp-json\/wp\/v2\/media\/37990"}],"wp:attachment":[{"href":"https:\/\/blogdoedvaldomagalhaes.com.br\/index.php\/wp-json\/wp\/v2\/media?parent=33"}],"wp:term":[{"taxonomy":"category","embeddable":true,"href":"https:\/\/blogdoedvaldomagalhaes.com.br\/index.php\/wp-json\/wp\/v2\/categories?post=33"},{"taxonomy":"post_tag","embeddable":true,"href":"https:\/\/blogdoedvaldomagalhaes.com.br\/index.php\/wp-json\/wp\/v2\/tags?post=33"}],"curies":[{"name":"wp","href":"https:\/\/api.w.org\/{rel}","templated":true}]}}