{"id":3292,"date":"2018-02-08T22:58:00","date_gmt":"2018-02-09T00:58:00","guid":{"rendered":"http:\/\/blogdoedvaldomagalhaes.com.br\/index.php\/2018\/02\/08\/cranio-humano-queimado-encontrado-e\/"},"modified":"2019-02-09T02:01:58","modified_gmt":"2019-02-09T04:01:58","slug":"cranio-humano-queimado-encontrado-e","status":"publish","type":"post","link":"https:\/\/blogdoedvaldomagalhaes.com.br\/index.php\/2018\/02\/08\/cranio-humano-queimado-encontrado-e\/","title":{"rendered":"Cr\u00e2nio humano queimado encontrado em Caruaru"},"content":{"rendered":"<div class=\"separator\" style=\"clear: both; text-align: center;\">\n<a href=\"https:\/\/4.bp.blogspot.com\/-g7jiIKL9k5Y\/WnzVY2hhZSI\/AAAAAAAAp4c\/G7MInid-QfYOf0lf00AGd9lPoNI3VP2AQCLcBGAs\/s1600\/1.jpg\" imageanchor=\"1\" style=\"margin-left: 1em; margin-right: 1em;\"><img loading=\"lazy\" decoding=\"async\" border=\"0\" data-original-height=\"960\" data-original-width=\"576\" height=\"640\" src=\"http:\/\/blogdoedvaldomagalhaes.com.br\/wp-content\/uploads\/2018\/02\/1.jpg\" width=\"382\" \/><\/a><\/div>\n<div style=\"text-align: justify;\">\n<\/div>\n<div style=\"text-align: justify;\">\nUm cr\u00e2nio humano queimado foi encontrado na manh\u00e3 desta quinta feira (08) em um terreno que fica por tr\u00e1s da Arena do Moral, no bairro das Rendeiras, em Caruaru. De acordo com o cr\u00e2nio estava carbonizado do lado de uma fogueira. A pessoa que encontrou, colocou as informa\u00e7\u00f5es e fotos em grupos de WhatsApp de Caruaru, pedindo o comparecimento da pol\u00edcia no local.<\/div>\n<div style=\"text-align: justify;\">\n<\/div>\n<div class=\"separator\" style=\"clear: both; text-align: center;\">\n<a href=\"https:\/\/1.bp.blogspot.com\/-oHKJGctBl5U\/WnzVczC2rYI\/AAAAAAAAp4g\/MFnYIsPEi9Ae4CKBYZ7YdR1sMdQ9RxV5gCLcBGAs\/s1600\/2.jpg\" imageanchor=\"1\" style=\"margin-left: 1em; margin-right: 1em;\"><img loading=\"lazy\" decoding=\"async\" border=\"0\" data-original-height=\"960\" data-original-width=\"576\" height=\"640\" src=\"http:\/\/blogdoedvaldomagalhaes.com.br\/wp-content\/uploads\/2018\/02\/2.jpg\" width=\"382\" \/><\/a><\/div>\n","protected":false},"excerpt":{"rendered":"<p>Um cr\u00e2nio humano queimado foi encontrado na manh\u00e3 desta quinta feira (08) em um terreno que fica por tr\u00e1s da&hellip;<\/p>\n","protected":false},"author":1,"featured_media":0,"comment_status":"open","ping_status":"open","sticky":false,"template":"","format":"standard","meta":{"footnotes":""},"categories":[1],"tags":[3758,3759,2,3760,13],"class_list":["post-3292","post","type-post","status-publish","format-standard","hentry","category-sem-categoria","tag-arena-do-moral","tag-bairro-rendeiras","tag-blog-do-edvaldo-magalhaes","tag-cranio-humano-queimado-encontrado-em-caruaru","tag-policial"],"_links":{"self":[{"href":"https:\/\/blogdoedvaldomagalhaes.com.br\/index.php\/wp-json\/wp\/v2\/posts\/3292","targetHints":{"allow":["GET"]}}],"collection":[{"href":"https:\/\/blogdoedvaldomagalhaes.com.br\/index.php\/wp-json\/wp\/v2\/posts"}],"about":[{"href":"https:\/\/blogdoedvaldomagalhaes.com.br\/index.php\/wp-json\/wp\/v2\/types\/post"}],"author":[{"embeddable":true,"href":"https:\/\/blogdoedvaldomagalhaes.com.br\/index.php\/wp-json\/wp\/v2\/users\/1"}],"replies":[{"embeddable":true,"href":"https:\/\/blogdoedvaldomagalhaes.com.br\/index.php\/wp-json\/wp\/v2\/comments?post=3292"}],"version-history":[{"count":1,"href":"https:\/\/blogdoedvaldomagalhaes.com.br\/index.php\/wp-json\/wp\/v2\/posts\/3292\/revisions"}],"predecessor-version":[{"id":28309,"href":"https:\/\/blogdoedvaldomagalhaes.com.br\/index.php\/wp-json\/wp\/v2\/posts\/3292\/revisions\/28309"}],"wp:attachment":[{"href":"https:\/\/blogdoedvaldomagalhaes.com.br\/index.php\/wp-json\/wp\/v2\/media?parent=3292"}],"wp:term":[{"taxonomy":"category","embeddable":true,"href":"https:\/\/blogdoedvaldomagalhaes.com.br\/index.php\/wp-json\/wp\/v2\/categories?post=3292"},{"taxonomy":"post_tag","embeddable":true,"href":"https:\/\/blogdoedvaldomagalhaes.com.br\/index.php\/wp-json\/wp\/v2\/tags?post=3292"}],"curies":[{"name":"wp","href":"https:\/\/api.w.org\/{rel}","templated":true}]}}