{"id":3290,"date":"2018-02-09T10:00:00","date_gmt":"2018-02-09T12:00:00","guid":{"rendered":"http:\/\/blogdoedvaldomagalhaes.com.br\/index.php\/2018\/02\/09\/resumo-da-reuniao-ordinaria-da-camara\/"},"modified":"2019-02-09T02:02:03","modified_gmt":"2019-02-09T04:02:03","slug":"resumo-da-reuniao-ordinaria-da-camara","status":"publish","type":"post","link":"https:\/\/blogdoedvaldomagalhaes.com.br\/index.php\/2018\/02\/09\/resumo-da-reuniao-ordinaria-da-camara\/","title":{"rendered":"Resumo da reuni\u00e3o ordin\u00e1ria da C\u00e2mara de Caruaru desta quinta-feira (8)"},"content":{"rendered":"<div class=\"separator\" style=\"clear: both; text-align: center;\">\n<a href=\"https:\/\/1.bp.blogspot.com\/-v39EM6-C9Zg\/Wny6e2kF97I\/AAAAAAAAp3E\/BLIhbhSGZnUF9FqtcJErvN9qMpcw1yjQgCLcBGAs\/s1600\/camara.jpg\" imageanchor=\"1\" style=\"margin-left: 1em; margin-right: 1em;\"><img loading=\"lazy\" decoding=\"async\" border=\"0\" data-original-height=\"392\" data-original-width=\"696\" height=\"360\" src=\"http:\/\/blogdoedvaldomagalhaes.com.br\/wp-content\/uploads\/2018\/02\/camara-2.jpg\" width=\"640\" \/><\/a><\/div>\n<div class=\"MsoNormal\" style=\"text-align: justify;\">\n<\/div>\n<div class=\"MsoNormal\" style=\"text-align: justify;\">\nNa<br \/>\nsess\u00e3o ordin\u00e1ria da C\u00e2mara de Caruaru, nessa quinta-feira (08), foram aprovadas<br \/>\nas seguintes proposituras: <\/div>\n<div class=\"MsoNormal\" style=\"text-align: justify;\">\n<\/div>\n<div class=\"MsoNormal\" style=\"text-align: justify;\">\nO<br \/>\nl\u00edder da bancada de situa\u00e7\u00e3o, Leonardo Chaves do PDT, pediu ao Governo do<br \/>\nEstado, atrav\u00e9s de indica\u00e7\u00e3o &nbsp;a cria\u00e7\u00e3o<br \/>\nde 04 Escolas na Zona Rural de Caruaru. Constru\u00e7\u00e3o de uma sede para funcionamento de uma Unidade de<br \/>\nSa\u00fade e CRAS, em um terreno de propriedade do munic\u00edpio, localizado em Malhada<br \/>\nde Pedra, no 3\u00ba Distrito. Constru\u00e7\u00e3o de um CMEI \u2013 Centro Municipal de<br \/>\nEduca\u00e7\u00e3o Infantil, bem como a constru\u00e7\u00e3o de um complexo poliesportivo com<br \/>\nquadra e um campo de futebol, para as comunidades de Cachoeira Seca, Ju\u00e1 e<br \/>\nIta\u00fana localizados no 2\u00ba Distrito, bem como as<br \/>\nlocalidades de Gon\u00e7alves Ferreira, Jacar\u00e9 de Gon\u00e7alves Ferreira e Vila do<br \/>\nRafael, no 3\u00ba Distrito do Munic\u00edpio de Caruaru, vale salientar que a localidade<br \/>\ndo Rafael, j\u00e1 possui a referida quadra. Amplia\u00e7\u00e3o do Cemit\u00e9rio de<br \/>\nGon\u00e7alves Ferreira, 3\u00ba Distrito do Munic\u00edpio de Caruaru.<\/div>\n<div class=\"MsoNormal\" style=\"text-align: justify;\">\n<\/div>\n<div class=\"MsoNormal\" style=\"text-align: justify;\">\nO<br \/>\npresidente da Casa, Lula Torres do PDT pede Implanta\u00e7\u00e3o<br \/>\ndo ensino m\u00e9dio na Vila Peladas. Libera\u00e7\u00e3o de<br \/>\nGabinete Odontol\u00f3gico, para o Posto de Sa\u00fade da Vila Peladas \u2013 1\u00ba Distrito de<br \/>\nCaruaru. Implanta\u00e7\u00e3o de \u201cEcobarreira\u201d, no Rio Ipojuca, localizado no<br \/>\nmunic\u00edpio de Caruaru.<\/div>\n<div class=\"MsoNormal\" style=\"text-align: justify;\">\n<\/div>\n<div class=\"MsoNormal\" style=\"text-align: justify;\">\nMarcelo<br \/>\nGomes do PSB pede para que seja encaminhado o pedido de informa\u00e7\u00f5es a prefeita<br \/>\nRaquel Lyra (PSDB) sobre a contrata\u00e7\u00e3o das empresas para o S\u00e3o Jo\u00e3o 2017 de<br \/>\nCaruaru e os valores contratados para a realiza\u00e7\u00e3o do evento.<\/div>\n<div class=\"MsoNormal\" style=\"text-align: justify;\">\n<\/div>\n<div class=\"MsoNormal\" style=\"text-align: justify;\">\nTafarel<br \/>\nFelix do PRP requer ao Poder Executivo Municipal, a realiza\u00e7\u00e3o de obras de<br \/>\nreforma, amplia\u00e7\u00e3o e melhorias na ilumina\u00e7\u00e3o do cemit\u00e9rio p\u00fablico municipal<br \/>\nlocalizado no S\u00edtio Riacho Doce, na Zona Rural e que viabilize a obra de reforma na pra\u00e7a do S\u00edtio<br \/>\nRiacho Doce, na Zona Rural de Caruaru.<\/div>\n<div class=\"MsoNormal\" style=\"text-align: justify;\">\n<\/div>\n<div class=\"MsoNormal\" style=\"text-align: justify;\">\nZez\u00e9<br \/>\nParteira do PV requer a constru\u00e7\u00e3o de uma pra\u00e7a na avenida Santa Maria da Boa<br \/>\nVista, no bairro Panorama.<\/p>\n<\/div>\n<div class=\"MsoNormal\" style=\"text-align: justify;\">\nDuda<br \/>\ndo Vassoural do PRTB reitera o pedido de abertura ligando a Vila Teimosa ao<br \/>\nbairro Vassoural.<\/div>\n<div class=\"MsoNormal\" style=\"text-align: justify;\">\n<\/div>\n<div class=\"MsoNormal\" style=\"text-align: justify;\">\nRicardo<br \/>\nLiberato do PDT requer a constru\u00e7\u00e3o de um Cemit\u00e9rio P\u00fablico Municipal na comunidade de<br \/>\nSerrote dos Bois da Vila ou da Bara\u00fana, 4\u00ba Distrito. Constru\u00e7\u00e3o<br \/>\nde CMEI na comunidade de Serrote dos Bois da Vila ou Bara\u00fana, 4\u00ba Distrito.<\/div>\n<div class=\"MsoNormal\" style=\"text-align: justify;\">\n<\/div>\n<p><\/p>\n<div class=\"MsoNormal\" style=\"text-align: justify;\">\nFagner<br \/>\nFernandes do PTdoB que que seja fornecida c\u00f3pia dos Termos de Ado\u00e7\u00e3o dos gatos<br \/>\ndo cemit\u00e9rio que foram adotados.<br \/>\nRealiza\u00e7\u00e3o de Audi\u00eancia P\u00fablica para discutir como podemos tornar Caruaru uma<br \/>\ncidade Res\u00edduo Zero. Audi\u00eancia<br \/>\nP\u00fablica para discutir mudan\u00e7as clim\u00e1ticas e preserva\u00e7\u00e3o de \u00e1reas verdes.<\/div>\n","protected":false},"excerpt":{"rendered":"<p>Na sess\u00e3o ordin\u00e1ria da C\u00e2mara de Caruaru, nessa quinta-feira (08), foram aprovadas as seguintes proposituras: O l\u00edder da bancada de&hellip;<\/p>\n","protected":false},"author":1,"featured_media":0,"comment_status":"open","ping_status":"open","sticky":false,"template":"","format":"standard","meta":{"footnotes":""},"categories":[1],"tags":[2,20,3754],"class_list":["post-3290","post","type-post","status-publish","format-standard","hentry","category-sem-categoria","tag-blog-do-edvaldo-magalhaes","tag-politica","tag-resumo-da-reuniao-ordinaria-da-camara-de-caruaru-desta-quinta-feira-8"],"_links":{"self":[{"href":"https:\/\/blogdoedvaldomagalhaes.com.br\/index.php\/wp-json\/wp\/v2\/posts\/3290","targetHints":{"allow":["GET"]}}],"collection":[{"href":"https:\/\/blogdoedvaldomagalhaes.com.br\/index.php\/wp-json\/wp\/v2\/posts"}],"about":[{"href":"https:\/\/blogdoedvaldomagalhaes.com.br\/index.php\/wp-json\/wp\/v2\/types\/post"}],"author":[{"embeddable":true,"href":"https:\/\/blogdoedvaldomagalhaes.com.br\/index.php\/wp-json\/wp\/v2\/users\/1"}],"replies":[{"embeddable":true,"href":"https:\/\/blogdoedvaldomagalhaes.com.br\/index.php\/wp-json\/wp\/v2\/comments?post=3290"}],"version-history":[{"count":1,"href":"https:\/\/blogdoedvaldomagalhaes.com.br\/index.php\/wp-json\/wp\/v2\/posts\/3290\/revisions"}],"predecessor-version":[{"id":28328,"href":"https:\/\/blogdoedvaldomagalhaes.com.br\/index.php\/wp-json\/wp\/v2\/posts\/3290\/revisions\/28328"}],"wp:attachment":[{"href":"https:\/\/blogdoedvaldomagalhaes.com.br\/index.php\/wp-json\/wp\/v2\/media?parent=3290"}],"wp:term":[{"taxonomy":"category","embeddable":true,"href":"https:\/\/blogdoedvaldomagalhaes.com.br\/index.php\/wp-json\/wp\/v2\/categories?post=3290"},{"taxonomy":"post_tag","embeddable":true,"href":"https:\/\/blogdoedvaldomagalhaes.com.br\/index.php\/wp-json\/wp\/v2\/tags?post=3290"}],"curies":[{"name":"wp","href":"https:\/\/api.w.org\/{rel}","templated":true}]}}