{"id":3275,"date":"2018-02-12T08:47:00","date_gmt":"2018-02-12T10:47:00","guid":{"rendered":"http:\/\/blogdoedvaldomagalhaes.com.br\/index.php\/2018\/02\/12\/cantor-sai-ileso-apos-capotar-veiculo\/"},"modified":"2019-02-09T02:02:15","modified_gmt":"2019-02-09T04:02:15","slug":"cantor-sai-ileso-apos-capotar-veiculo","status":"publish","type":"post","link":"https:\/\/blogdoedvaldomagalhaes.com.br\/index.php\/2018\/02\/12\/cantor-sai-ileso-apos-capotar-veiculo\/","title":{"rendered":"Cantor sai ileso ap\u00f3s capotar ve\u00edculo"},"content":{"rendered":"<div class=\"separator\" style=\"clear: both; text-align: center;\">\n<a href=\"https:\/\/2.bp.blogspot.com\/-19xkHx3uOyU\/WoFTNjrJw2I\/AAAAAAAAqFo\/0mR-0jlcIMs_aqCJ_90BdqD0ELDbjjWhACLcBGAs\/s1600\/aldo-lima.jpg\" imageanchor=\"1\" style=\"margin-left: 1em; margin-right: 1em;\"><img loading=\"lazy\" decoding=\"async\" border=\"0\" data-original-height=\"356\" data-original-width=\"535\" height=\"424\" src=\"http:\/\/blogdoedvaldomagalhaes.com.br\/wp-content\/uploads\/2018\/02\/aldo-lima.jpg\" width=\"640\" \/><\/a><\/div>\n<p>\nO cantor Aldo Lima sofreu um acidente de carro no fim da tarde deste domingo (11), na estrada rural que liga o povoado de Algod\u00f5es ao distrito de Pereira, na zona rural do munic\u00edpio de Santaluz. O m\u00fasico trafegava na estrada&nbsp;quando ao passar por uma curva perdeu o controle da dire\u00e7\u00e3o do ve\u00edculo Ford EcoSport, de cor prata, e capotou. O cantor disse \u00e0&nbsp;Folha de Pereira que o&nbsp;acidente aconteceu&nbsp;ap\u00f3s o piv\u00f4 de uma das rodas dianteiras do autom\u00f3vel ter se soltado. \u201cEu sa\u00ed de Pereira e viajava sentido aos povoados de Algod\u00f5es e Riacho da On\u00e7a, e neste percurso aqui na curva da Fazenda V\u00e1rzea da Ro\u00e7a o piv\u00f4 se soltou, da\u00ed n\u00e3o pude controlar e o ve\u00edculo capotou\u201d, relatou.&nbsp;O carro ficou parcialmente destru\u00eddo, mas Aldo n\u00e3o ficou ferido.<br \/>\nFonte: Not\u00edcias de Santa Luz.<\/p>\n","protected":false},"excerpt":{"rendered":"<p>O cantor Aldo Lima sofreu um acidente de carro no fim da tarde deste domingo (11), na estrada rural que&hellip;<\/p>\n","protected":false},"author":1,"featured_media":0,"comment_status":"open","ping_status":"open","sticky":false,"template":"","format":"standard","meta":{"footnotes":""},"categories":[1],"tags":[2,6],"class_list":["post-3275","post","type-post","status-publish","format-standard","hentry","category-sem-categoria","tag-blog-do-edvaldo-magalhaes","tag-noticias"],"_links":{"self":[{"href":"https:\/\/blogdoedvaldomagalhaes.com.br\/index.php\/wp-json\/wp\/v2\/posts\/3275","targetHints":{"allow":["GET"]}}],"collection":[{"href":"https:\/\/blogdoedvaldomagalhaes.com.br\/index.php\/wp-json\/wp\/v2\/posts"}],"about":[{"href":"https:\/\/blogdoedvaldomagalhaes.com.br\/index.php\/wp-json\/wp\/v2\/types\/post"}],"author":[{"embeddable":true,"href":"https:\/\/blogdoedvaldomagalhaes.com.br\/index.php\/wp-json\/wp\/v2\/users\/1"}],"replies":[{"embeddable":true,"href":"https:\/\/blogdoedvaldomagalhaes.com.br\/index.php\/wp-json\/wp\/v2\/comments?post=3275"}],"version-history":[{"count":1,"href":"https:\/\/blogdoedvaldomagalhaes.com.br\/index.php\/wp-json\/wp\/v2\/posts\/3275\/revisions"}],"predecessor-version":[{"id":28369,"href":"https:\/\/blogdoedvaldomagalhaes.com.br\/index.php\/wp-json\/wp\/v2\/posts\/3275\/revisions\/28369"}],"wp:attachment":[{"href":"https:\/\/blogdoedvaldomagalhaes.com.br\/index.php\/wp-json\/wp\/v2\/media?parent=3275"}],"wp:term":[{"taxonomy":"category","embeddable":true,"href":"https:\/\/blogdoedvaldomagalhaes.com.br\/index.php\/wp-json\/wp\/v2\/categories?post=3275"},{"taxonomy":"post_tag","embeddable":true,"href":"https:\/\/blogdoedvaldomagalhaes.com.br\/index.php\/wp-json\/wp\/v2\/tags?post=3275"}],"curies":[{"name":"wp","href":"https:\/\/api.w.org\/{rel}","templated":true}]}}