{"id":326,"date":"2018-12-27T15:34:00","date_gmt":"2018-12-27T17:34:00","guid":{"rendered":"http:\/\/blogdoedvaldomagalhaes.com.br\/index.php\/2018\/12\/27\/hospital-mestre-vitalino-fecha-2018-co\/"},"modified":"2019-02-09T02:47:57","modified_gmt":"2019-02-09T04:47:57","slug":"hospital-mestre-vitalino-fecha-2018-co","status":"publish","type":"post","link":"https:\/\/blogdoedvaldomagalhaes.com.br\/index.php\/2018\/12\/27\/hospital-mestre-vitalino-fecha-2018-co\/","title":{"rendered":"Hospital Mestre Vitalino fecha 2018 com balan\u00e7o positivo"},"content":{"rendered":"<div class=\"separator\" style=\"clear: both; text-align: center;\">\n<a href=\"https:\/\/3.bp.blogspot.com\/-9JNLw3Mn1Ow\/XCTwVmHVTXI\/AAAAAAABAV8\/RmbpsLcjYfwKEGtDDwYG3J0p6ilAz7lhwCLcBGAs\/s1600\/IMG-20181227-WA0114.jpg\" imageanchor=\"1\" style=\"margin-left: 1em; margin-right: 1em;\"><img loading=\"lazy\" decoding=\"async\" border=\"0\" data-original-height=\"852\" data-original-width=\"1280\" height=\"426\" src=\"http:\/\/blogdoedvaldomagalhaes.com.br\/wp-content\/uploads\/2018\/12\/IMG-20181227-WA0114.jpg\" width=\"640\" \/><\/a><\/div>\n<p><\/p>\n<div style=\"text-align: justify;\">\nO Hospital Mestre Vitalino (HMV) comemora o balan\u00e7o de fim de ano com n\u00fameros bem significativos para Caruaru e regi\u00e3o. Em 2018 o ambulat\u00f3rio somou 34.358 atendimentos, destes 15.280 m\u00e9dicos, e 19.078 n\u00e3o m\u00e9dicos. Os n\u00fameros de atendimentos de urg\u00eancia e emerg\u00eancia d\u00e3o ideia da import\u00e2ncia deste equipamento para a regi\u00e3o, ao todo foram registrados 36.817, sendo 13.879 m\u00e9dicos e 22.938 n\u00e3o m\u00e9dicos.<\/div>\n<div style=\"text-align: justify;\">\n<\/div>\n<div style=\"text-align: justify;\">\nAo longo de 2018, 2.859 pessoas estiveram internadas na Cl\u00ednica M\u00e9dica, 2.419 na Cl\u00ednica Cir\u00fargica, 1.295 na Pediatria, 1.201 na Cardiologia, 1.697 na Neurologia, totalizando 9.471 pacientes internos de janeiro a novembro. Os n\u00fameros de cirurgias neste mesmo per\u00edodo somam 4.727, destes 2.087 de urg\u00eancia e 2.640 eletivas (programadas). Al\u00e9m disso, 164 pacientes foram beneficiados com cirurgias card\u00edacas que tendem a melhorar a qualidade e expectativa de vida, e 109 crian\u00e7as passaram por procedimentos cir\u00fargicos.<\/div>\n<div style=\"text-align: justify;\">\n<\/div>\n<div style=\"text-align: justify;\">\n\u201cPara n\u00f3s este foi um ano muito dif\u00edcil, mas temos uma grande equipe que se empenha e que vai fazendo este grande equipamento funcionar da melhor forma. S\u00f3 temos o que agradecer, e dizer que se Deus nos permitir 2019 ser\u00e1 ainda melhor. Vencemos 2018 e venceremos todos os anos que est\u00e3o por vir ofertando uma assist\u00eancia de qualidade para a popula\u00e7\u00e3o desta regi\u00e3o\u201d, pontuou o Dr. Marcelo Cavalcanti, diretor geral do HMV.<\/div>\n<div style=\"text-align: justify;\">\n<\/div>\n<div style=\"text-align: justify;\">\nPara que todos esses atendimentos tenham diagn\u00f3sticos precisos, a unidade realizou 413.281 exames, distribu\u00eddos entre laboratoriais, ultrassonografias (USG), raios X e tomografias. Neste ano, 2.470 sess\u00f5es de hemodi\u00e1lise foram realizadas no HMV, melhorando as condi\u00e7\u00f5es dos pacientes renais que chegam \u00e0 unidade. Para acompanhamento das crian\u00e7as com microcefalia foram realizados 686 atendimentos de neuropediatria, 305 de gastropediatria e 16 novos casos foram diagnosticados.<\/div>\n<div style=\"text-align: justify;\">\n<\/div>\n<div style=\"text-align: justify;\">\nDesde agosto de 2018, antes mesmo da inaugura\u00e7\u00e3o da Unidade de Oncologia, o HMV j\u00e1 come\u00e7ou a ofertar o servi\u00e7o de ambulat\u00f3rio e quimioterapia, at\u00e9 novembro foram registrados 314 atendimentos e 78 quimioterapias, n\u00famero que tende a crescer agora com a inaugura\u00e7\u00e3o da unidade que foi realizada no dia 15 de dezembro. Os servi\u00e7os da hemodin\u00e2mica tamb\u00e9m n\u00e3o param, a central celebrou os dois anos de funcionamento no \u00faltimo dia 13 de dezembro, com 1.060 atendimentos somente neste ano. A expectativa \u00e9 que em 2019 o HMV possa ofertar ainda mais servi\u00e7os, prezando sempre pela assist\u00eancia humanizada.<\/div>\n<div style=\"text-align: justify;\">\n<\/div>\n<div style=\"text-align: justify;\">\nInforma\u00e7\u00f5es e foto: Camila Juliette\/Assessoria de imprensa.&nbsp;<\/div>\n","protected":false},"excerpt":{"rendered":"<p>O Hospital Mestre Vitalino (HMV) comemora o balan\u00e7o de fim de ano com n\u00fameros bem significativos para Caruaru e regi\u00e3o.&hellip;<\/p>\n","protected":false},"author":1,"featured_media":0,"comment_status":"open","ping_status":"open","sticky":false,"template":"","format":"standard","meta":{"footnotes":""},"categories":[1],"tags":[2,6],"class_list":["post-326","post","type-post","status-publish","format-standard","hentry","category-sem-categoria","tag-blog-do-edvaldo-magalhaes","tag-noticias"],"_links":{"self":[{"href":"https:\/\/blogdoedvaldomagalhaes.com.br\/index.php\/wp-json\/wp\/v2\/posts\/326","targetHints":{"allow":["GET"]}}],"collection":[{"href":"https:\/\/blogdoedvaldomagalhaes.com.br\/index.php\/wp-json\/wp\/v2\/posts"}],"about":[{"href":"https:\/\/blogdoedvaldomagalhaes.com.br\/index.php\/wp-json\/wp\/v2\/types\/post"}],"author":[{"embeddable":true,"href":"https:\/\/blogdoedvaldomagalhaes.com.br\/index.php\/wp-json\/wp\/v2\/users\/1"}],"replies":[{"embeddable":true,"href":"https:\/\/blogdoedvaldomagalhaes.com.br\/index.php\/wp-json\/wp\/v2\/comments?post=326"}],"version-history":[{"count":1,"href":"https:\/\/blogdoedvaldomagalhaes.com.br\/index.php\/wp-json\/wp\/v2\/posts\/326\/revisions"}],"predecessor-version":[{"id":37169,"href":"https:\/\/blogdoedvaldomagalhaes.com.br\/index.php\/wp-json\/wp\/v2\/posts\/326\/revisions\/37169"}],"wp:attachment":[{"href":"https:\/\/blogdoedvaldomagalhaes.com.br\/index.php\/wp-json\/wp\/v2\/media?parent=326"}],"wp:term":[{"taxonomy":"category","embeddable":true,"href":"https:\/\/blogdoedvaldomagalhaes.com.br\/index.php\/wp-json\/wp\/v2\/categories?post=326"},{"taxonomy":"post_tag","embeddable":true,"href":"https:\/\/blogdoedvaldomagalhaes.com.br\/index.php\/wp-json\/wp\/v2\/tags?post=326"}],"curies":[{"name":"wp","href":"https:\/\/api.w.org\/{rel}","templated":true}]}}