{"id":3216,"date":"2018-02-19T17:16:00","date_gmt":"2018-02-19T20:16:00","guid":{"rendered":"http:\/\/blogdoedvaldomagalhaes.com.br\/index.php\/2018\/02\/19\/pascoa-gera-expectativa-de-aumento-nas\/"},"modified":"2019-02-09T02:02:59","modified_gmt":"2019-02-09T04:02:59","slug":"pascoa-gera-expectativa-de-aumento-nas","status":"publish","type":"post","link":"https:\/\/blogdoedvaldomagalhaes.com.br\/index.php\/2018\/02\/19\/pascoa-gera-expectativa-de-aumento-nas\/","title":{"rendered":"P\u00e1scoa gera expectativa de aumento nas vendas do Com\u00e9rcio de Caruaru"},"content":{"rendered":"<div class=\"separator\" style=\"clear: both; text-align: center;\">\n<a href=\"https:\/\/1.bp.blogspot.com\/-YJaW_bdSFL0\/WosGSSwSfSI\/AAAAAAAAqc8\/dYm4XPuQMvAgNi2e-K9FB9PV-sKDaxXwQCLcBGAs\/s1600\/cdl.jpg\" imageanchor=\"1\" style=\"margin-left: 1em; margin-right: 1em;\"><img loading=\"lazy\" decoding=\"async\" border=\"0\" data-original-height=\"1067\" data-original-width=\"1600\" height=\"426\" src=\"http:\/\/blogdoedvaldomagalhaes.com.br\/wp-content\/uploads\/2018\/02\/cdl.jpg\" width=\"640\" \/><\/a><\/div>\n<div style=\"background-color: white; text-align: justify;\">\n<\/div>\n<div style=\"background-color: white; text-align: justify;\">\nA P\u00e1scoa na regi\u00e3o Agreste gera um grande movimento, principalmente para o setor supermercadista e aquece as vendas no com\u00e9rcio de Caruaru. A expectativa da C\u00e2mara de Dirigentes Lojistas (CDL) \u00e9 que os consumidores devam ir \u00e0s compras.<\/div>\n<div style=\"background-color: white; text-align: justify;\">\n<\/div>\n<div style=\"background-color: white; text-align: justify;\">\nProdutos como chocolate, frios (peixes e queijos) e bebidas (vinhos) fazem parte do card\u00e1pio da mesa do caruaruense nesta \u00e9poca do ano. As lojas tamb\u00e9m devem ser procuradas pelos consumidores, como explica o presidente da CDL na cidade, Adjar Soares.&nbsp;<\/div>\n<div style=\"background-color: white; text-align: justify;\">\n<\/div>\n<div style=\"background-color: white; text-align: justify;\">\n\u201cAs pessoas aproveitam para renovar estoques de roupas, mas \u00e9 claro que vinhos, frios e chocolates puxam as vendas para cima. \u00c9 um momento importante, principalmente pela recupera\u00e7\u00e3o que passa a economia\u201d, disse.&nbsp;<\/div>\n<div style=\"background-color: white; text-align: justify;\">\n<\/div>\n<div style=\"background-color: white; text-align: justify;\">\nAinda de acordo com Adjar, a expectativa \u00e9 de um aumento nas vendas em rela\u00e7\u00e3o ao mesmo per\u00edodo do ano passado. \u201cEm 2017, est\u00e1vamos num per\u00edodo dif\u00edcil, mas com a volta do otimismo ao mercado, as vendas tendem a crescer entre 15% e 30%\u201d, espera.&nbsp;<\/div>\n<div style=\"background-color: white; text-align: justify;\">\n<\/div>\n<div style=\"background-color: white; text-align: justify;\">\nA facilidade encontrada na hora do consumidor escolher e pagar as mercadorias tamb\u00e9m ajuda nas vendas. \u201cO parcelamento nas compras e promo\u00e7\u00f5es ajudam a aumentar o interesse dos compradores\u201d, disse Soares.<\/div>\n","protected":false},"excerpt":{"rendered":"<p>A P\u00e1scoa na regi\u00e3o Agreste gera um grande movimento, principalmente para o setor supermercadista e aquece as vendas no com\u00e9rcio&hellip;<\/p>\n","protected":false},"author":1,"featured_media":0,"comment_status":"open","ping_status":"open","sticky":false,"template":"","format":"standard","meta":{"footnotes":""},"categories":[1],"tags":[2,6,3639],"class_list":["post-3216","post","type-post","status-publish","format-standard","hentry","category-sem-categoria","tag-blog-do-edvaldo-magalhaes","tag-noticias","tag-pascoa-gera-expectativa-de-aumento-nas-vendas-do-comercio-de-caruaru"],"_links":{"self":[{"href":"https:\/\/blogdoedvaldomagalhaes.com.br\/index.php\/wp-json\/wp\/v2\/posts\/3216","targetHints":{"allow":["GET"]}}],"collection":[{"href":"https:\/\/blogdoedvaldomagalhaes.com.br\/index.php\/wp-json\/wp\/v2\/posts"}],"about":[{"href":"https:\/\/blogdoedvaldomagalhaes.com.br\/index.php\/wp-json\/wp\/v2\/types\/post"}],"author":[{"embeddable":true,"href":"https:\/\/blogdoedvaldomagalhaes.com.br\/index.php\/wp-json\/wp\/v2\/users\/1"}],"replies":[{"embeddable":true,"href":"https:\/\/blogdoedvaldomagalhaes.com.br\/index.php\/wp-json\/wp\/v2\/comments?post=3216"}],"version-history":[{"count":1,"href":"https:\/\/blogdoedvaldomagalhaes.com.br\/index.php\/wp-json\/wp\/v2\/posts\/3216\/revisions"}],"predecessor-version":[{"id":28512,"href":"https:\/\/blogdoedvaldomagalhaes.com.br\/index.php\/wp-json\/wp\/v2\/posts\/3216\/revisions\/28512"}],"wp:attachment":[{"href":"https:\/\/blogdoedvaldomagalhaes.com.br\/index.php\/wp-json\/wp\/v2\/media?parent=3216"}],"wp:term":[{"taxonomy":"category","embeddable":true,"href":"https:\/\/blogdoedvaldomagalhaes.com.br\/index.php\/wp-json\/wp\/v2\/categories?post=3216"},{"taxonomy":"post_tag","embeddable":true,"href":"https:\/\/blogdoedvaldomagalhaes.com.br\/index.php\/wp-json\/wp\/v2\/tags?post=3216"}],"curies":[{"name":"wp","href":"https:\/\/api.w.org\/{rel}","templated":true}]}}