{"id":3214,"date":"2018-02-19T21:05:00","date_gmt":"2018-02-20T00:05:00","guid":{"rendered":"http:\/\/blogdoedvaldomagalhaes.com.br\/index.php\/2018\/02\/19\/acic-realiza-25-rodada-de-negocios-da\/"},"modified":"2019-02-09T02:03:00","modified_gmt":"2019-02-09T04:03:00","slug":"acic-realiza-25-rodada-de-negocios-da","status":"publish","type":"post","link":"https:\/\/blogdoedvaldomagalhaes.com.br\/index.php\/2018\/02\/19\/acic-realiza-25-rodada-de-negocios-da\/","title":{"rendered":"Acic realiza 25\u00aa Rodada de Neg\u00f3cios da Moda Pernambucana"},"content":{"rendered":"<div class=\"separator\" style=\"clear: both; text-align: center;\">\n<a href=\"http:\/\/blogdoedvaldomagalhaes.com.br\/wp-content\/uploads\/2018\/02\/acic-1024x682.jpg\" imageanchor=\"1\" style=\"margin-left: 1em; margin-right: 1em;\"><img decoding=\"async\" border=\"0\" data-original-height=\"682\" data-original-width=\"1024\" src=\"http:\/\/blogdoedvaldomagalhaes.com.br\/wp-content\/uploads\/2018\/02\/acic-1024x682.jpg\" \/><\/a><\/div>\n<div style=\"background-color: white; border: 0px; margin-bottom: 1.5em; outline: 0px; padding: 0px; text-align: justify; vertical-align: baseline;\">\n<\/div>\n<div style=\"background-color: white; border: 0px; margin-bottom: 1.5em; outline: 0px; padding: 0px; text-align: justify; vertical-align: baseline;\">\nA Acic realiza, de 7 a&nbsp;<u>9 de mar\u00e7o<\/u>, a 25\u00aa Rodada de Neg\u00f3cios da Moda Pernambucana (RNMP) edi\u00e7\u00e3o outono\/inverno, no Polo Caruaru. O Sebrae \u00e9 correalizador do evento. Ser\u00e3o 120 stands de empresas de Pernambuco e de outros estados como Minas Gerais, Cear\u00e1 e Para\u00edba. S\u00e3o esperados mais de 400 compradores de todo o Brasil. &nbsp;A expectativa \u00e9 de um aumento de 8% em vendas com rela\u00e7\u00e3o a edi\u00e7\u00e3o do ano passado, realizada no mesmo per\u00edodo.<\/div>\n<div style=\"background-color: white; border: 0px; margin-bottom: 1.5em; outline: 0px; padding: 0px; text-align: justify; vertical-align: baseline;\">\nA Rodada mant\u00e9m o ritmo de inova\u00e7\u00e3o. As cole\u00e7\u00f5es outono\/inverno e uma melhor estrutura do entorno do evento ser\u00e3o novidades. A Alameda dos Profissionais, espa\u00e7o aberto ao p\u00fablico, contar\u00e1 com oficinas de gastronomia e atividades ligadas \u00e0 moda, resultado da parceria com o Servi\u00e7o Nacional de Aprendizagem Comercial (Senac). A Prefeitura de Caruaru vai apresentar elementos do S\u00e3o Jo\u00e3o da cidade em um stand que ser\u00e1 montado no local.<\/div>\n<div style=\"background-color: white; border: 0px; margin-bottom: 1.5em; outline: 0px; padding: 0px; text-align: justify; vertical-align: baseline;\">\nA RNMP contar\u00e1 com o apoio do Governo do Estado, atrav\u00e9s da Ag\u00eancia de Desenvolvimento Econ\u00f4mico de Pernambuco (AD-DIPER) e da Prefeitura de Caruaru, atrav\u00e9s da Funda\u00e7\u00e3o de Cultura e Turismo e da Secretaria de Desenvolvimento Econ\u00f4mico e Economia Criativa, e com a parceria do N\u00facleo Gestor da Cadeia T\u00eaxtil e de Confec\u00e7\u00f5es de Pernambuco (NTCPE). Os demais parceiros da RNMP s\u00e3o a Associa\u00e7\u00e3o Comercial e Industrial de Toritama (Acit), a Associa\u00e7\u00e3o Empresarial de Santa Cruz do Capibaribe (Ascap), a Associa\u00e7\u00e3o Comercial, Industrial e Agropecu\u00e1ria de Surubim (Aciasur) e o Sindicado das Ind\u00fastrias do Vestu\u00e1rio do Estado de Pernambuco (Sindvest\/PE).<\/div>\n","protected":false},"excerpt":{"rendered":"<p>A Acic realiza, de 7 a&nbsp;9 de mar\u00e7o, a 25\u00aa Rodada de Neg\u00f3cios da Moda Pernambucana (RNMP) edi\u00e7\u00e3o outono\/inverno, no&hellip;<\/p>\n","protected":false},"author":1,"featured_media":0,"comment_status":"open","ping_status":"open","sticky":false,"template":"","format":"standard","meta":{"footnotes":""},"categories":[1],"tags":[3635,2,6,1518],"class_list":["post-3214","post","type-post","status-publish","format-standard","hentry","category-sem-categoria","tag-acic-realiza-25a-rodada-de-negocios-da-moda-pernambucana","tag-blog-do-edvaldo-magalhaes","tag-noticias","tag-polo-caruaru"],"_links":{"self":[{"href":"https:\/\/blogdoedvaldomagalhaes.com.br\/index.php\/wp-json\/wp\/v2\/posts\/3214","targetHints":{"allow":["GET"]}}],"collection":[{"href":"https:\/\/blogdoedvaldomagalhaes.com.br\/index.php\/wp-json\/wp\/v2\/posts"}],"about":[{"href":"https:\/\/blogdoedvaldomagalhaes.com.br\/index.php\/wp-json\/wp\/v2\/types\/post"}],"author":[{"embeddable":true,"href":"https:\/\/blogdoedvaldomagalhaes.com.br\/index.php\/wp-json\/wp\/v2\/users\/1"}],"replies":[{"embeddable":true,"href":"https:\/\/blogdoedvaldomagalhaes.com.br\/index.php\/wp-json\/wp\/v2\/comments?post=3214"}],"version-history":[{"count":1,"href":"https:\/\/blogdoedvaldomagalhaes.com.br\/index.php\/wp-json\/wp\/v2\/posts\/3214\/revisions"}],"predecessor-version":[{"id":28516,"href":"https:\/\/blogdoedvaldomagalhaes.com.br\/index.php\/wp-json\/wp\/v2\/posts\/3214\/revisions\/28516"}],"wp:attachment":[{"href":"https:\/\/blogdoedvaldomagalhaes.com.br\/index.php\/wp-json\/wp\/v2\/media?parent=3214"}],"wp:term":[{"taxonomy":"category","embeddable":true,"href":"https:\/\/blogdoedvaldomagalhaes.com.br\/index.php\/wp-json\/wp\/v2\/categories?post=3214"},{"taxonomy":"post_tag","embeddable":true,"href":"https:\/\/blogdoedvaldomagalhaes.com.br\/index.php\/wp-json\/wp\/v2\/tags?post=3214"}],"curies":[{"name":"wp","href":"https:\/\/api.w.org\/{rel}","templated":true}]}}