{"id":3213,"date":"2018-02-19T21:11:00","date_gmt":"2018-02-20T00:11:00","guid":{"rendered":"http:\/\/blogdoedvaldomagalhaes.com.br\/index.php\/2018\/02\/19\/obra-na-area-do-plenario-da-camara-de\/"},"modified":"2019-02-09T02:03:00","modified_gmt":"2019-02-09T04:03:00","slug":"obra-na-area-do-plenario-da-camara-de","status":"publish","type":"post","link":"https:\/\/blogdoedvaldomagalhaes.com.br\/index.php\/2018\/02\/19\/obra-na-area-do-plenario-da-camara-de\/","title":{"rendered":"Obra na \u00e1rea do plen\u00e1rio da C\u00e2mara de Caruaru foi conclu\u00edda"},"content":{"rendered":"<div class=\"separator\" style=\"clear: both; text-align: center;\">\n<a href=\"https:\/\/4.bp.blogspot.com\/-BXFu4KOgzA4\/Wos83OuzraI\/AAAAAAAAqeI\/mo3mqkNG_NsJ5vacPS8Gsvud2nP1HVb5wCLcBGAs\/s1600\/camara.jpg\" imageanchor=\"1\" style=\"margin-left: 1em; margin-right: 1em;\"><img loading=\"lazy\" decoding=\"async\" border=\"0\" data-original-height=\"675\" data-original-width=\"960\" height=\"450\" src=\"http:\/\/blogdoedvaldomagalhaes.com.br\/wp-content\/uploads\/2018\/02\/camara-3.jpg\" width=\"640\" \/><\/a><\/div>\n<div class=\"separator\" style=\"clear: both; text-align: center;\">\nFoto: Vladimir Barreto Rodrigues<\/div>\n<div class=\"MsoNormal\" style=\"text-align: justify;\">\n<\/div>\n<div class=\"MsoNormal\" style=\"text-align: justify;\">\nAs obras no Poder Legislativo de caruaru ainda<br \/>\ncontinuam, por\u00e9m, a fase estrutural do t\u00e9rreo (referente ao andar do<br \/>\nplen\u00e1rio) j\u00e1 foi conclu\u00edda. O andar estar\u00e1 integralmente pronto at\u00e9 o<br \/>\nfinal desta semana. Enquanto isso, a equipe de obras finaliza o subsolo e<br \/>\n o primeiro andar, al\u00e9m de efetuarem o acabamento dos espa\u00e7os que est\u00e3o<br \/>\nmais adiantados. <u><\/u><u><\/u><\/div>\n<div class=\"MsoNormal\" style=\"text-align: justify;\">\n<\/div>\n<div class=\"MsoNormal\" style=\"text-align: justify;\">\nDe acordo com Lula Torres (PDT), Presidente da Casa, a<br \/>\nreadequa\u00e7\u00e3o trar\u00e1 muitos benef\u00edcios e prioriza o bem-estar da popula\u00e7\u00e3o,<br \/>\n pois a acessibilidade da casa permitir\u00e1 que as pessoas acompanhem com<br \/>\nmais detalhamento o trabalho dos servidores.<u><\/u><u><\/u><\/div>\n<div class=\"MsoNormal\" style=\"text-align: justify;\">\n<\/div>\n<p><\/p>\n<div class=\"MsoNormal\" style=\"text-align: justify;\">\nAs atividades internas da casa, incluindo reuni\u00f5es ordin\u00e1rias e demais servi\u00e7os, continuam sendo realizadas normalmente.&nbsp;<u><\/u><u><\/u><\/div>\n","protected":false},"excerpt":{"rendered":"<p>Foto: Vladimir Barreto Rodrigues As obras no Poder Legislativo de caruaru ainda continuam, por\u00e9m, a fase estrutural do t\u00e9rreo (referente&hellip;<\/p>\n","protected":false},"author":1,"featured_media":0,"comment_status":"open","ping_status":"open","sticky":false,"template":"","format":"standard","meta":{"footnotes":""},"categories":[1],"tags":[2,1686,1950,3633,3634,20],"class_list":["post-3213","post","type-post","status-publish","format-standard","hentry","category-sem-categoria","tag-blog-do-edvaldo-magalhaes","tag-lula-torres","tag-noticias-de-caruaru","tag-obra-na-area-do-plenario-da-camara-de-caruaru-foi-concluida","tag-pdt","tag-politica"],"_links":{"self":[{"href":"https:\/\/blogdoedvaldomagalhaes.com.br\/index.php\/wp-json\/wp\/v2\/posts\/3213","targetHints":{"allow":["GET"]}}],"collection":[{"href":"https:\/\/blogdoedvaldomagalhaes.com.br\/index.php\/wp-json\/wp\/v2\/posts"}],"about":[{"href":"https:\/\/blogdoedvaldomagalhaes.com.br\/index.php\/wp-json\/wp\/v2\/types\/post"}],"author":[{"embeddable":true,"href":"https:\/\/blogdoedvaldomagalhaes.com.br\/index.php\/wp-json\/wp\/v2\/users\/1"}],"replies":[{"embeddable":true,"href":"https:\/\/blogdoedvaldomagalhaes.com.br\/index.php\/wp-json\/wp\/v2\/comments?post=3213"}],"version-history":[{"count":1,"href":"https:\/\/blogdoedvaldomagalhaes.com.br\/index.php\/wp-json\/wp\/v2\/posts\/3213\/revisions"}],"predecessor-version":[{"id":28518,"href":"https:\/\/blogdoedvaldomagalhaes.com.br\/index.php\/wp-json\/wp\/v2\/posts\/3213\/revisions\/28518"}],"wp:attachment":[{"href":"https:\/\/blogdoedvaldomagalhaes.com.br\/index.php\/wp-json\/wp\/v2\/media?parent=3213"}],"wp:term":[{"taxonomy":"category","embeddable":true,"href":"https:\/\/blogdoedvaldomagalhaes.com.br\/index.php\/wp-json\/wp\/v2\/categories?post=3213"},{"taxonomy":"post_tag","embeddable":true,"href":"https:\/\/blogdoedvaldomagalhaes.com.br\/index.php\/wp-json\/wp\/v2\/tags?post=3213"}],"curies":[{"name":"wp","href":"https:\/\/api.w.org\/{rel}","templated":true}]}}