{"id":3212,"date":"2018-02-19T21:15:00","date_gmt":"2018-02-20T00:15:00","guid":{"rendered":"http:\/\/blogdoedvaldomagalhaes.com.br\/index.php\/2018\/02\/19\/volante-fernando-pires-volta-ao-centra\/"},"modified":"2019-02-09T02:03:00","modified_gmt":"2019-02-09T04:03:00","slug":"volante-fernando-pires-volta-ao-centra","status":"publish","type":"post","link":"https:\/\/blogdoedvaldomagalhaes.com.br\/index.php\/2018\/02\/19\/volante-fernando-pires-volta-ao-centra\/","title":{"rendered":"Volante Fernando Pires volta ao Central de Caruaru"},"content":{"rendered":"<div class=\"separator\" style=\"clear: both; text-align: center;\">\n<a href=\"https:\/\/3.bp.blogspot.com\/-Tr3atnUQ2W4\/Wos9-_14-nI\/AAAAAAAAqeQ\/xmy-DAtEaEsrToRt0griKWeuQAaTsNFoQCLcBGAs\/s1600\/fernando.jpg\" imageanchor=\"1\" style=\"margin-left: 1em; margin-right: 1em;\"><img loading=\"lazy\" decoding=\"async\" border=\"0\" data-original-height=\"960\" data-original-width=\"768\" height=\"640\" src=\"http:\/\/blogdoedvaldomagalhaes.com.br\/wp-content\/uploads\/2018\/02\/fernando.jpg\" width=\"510\" \/><\/a><\/div>\n<div style=\"margin-bottom: 6px; text-align: justify;\">\n<\/div>\n<div style=\"margin-bottom: 6px; text-align: justify;\">\nO volante Fernando Pires, de 29 anos, volta ao Central ap\u00f3s dois anos.&nbsp;O atleta se apresentou ao clube na tarde desta segunda-feira.&nbsp;Al\u00e9m da Patativa, Pires jogou por Santo Andr\u00e9, Treze, Serra Talhada, N\u00e1utico e Campinense.<\/div>\n<div style=\"margin-bottom: 6px; text-align: justify;\">\n<div style=\"background-color: white; box-sizing: border-box; margin-bottom: 10px;\">\nO volante Fernando Pires n\u00e3o se reapresentou ao Campinense, ap\u00f3s o carnaval e n\u00e3o justificou a sua aus\u00eancia.&nbsp;O jogador, foi titular em todos os jogos da Raposa no Paraibano 2018.<\/div>\n<\/div>\n","protected":false},"excerpt":{"rendered":"<p>O volante Fernando Pires, de 29 anos, volta ao Central ap\u00f3s dois anos.&nbsp;O atleta se apresentou ao clube na tarde&hellip;<\/p>\n","protected":false},"author":1,"featured_media":0,"comment_status":"open","ping_status":"open","sticky":false,"template":"","format":"standard","meta":{"footnotes":""},"categories":[1],"tags":[2,3628,3,3060,3629,3630,3631,3632],"class_list":["post-3212","post","type-post","status-publish","format-standard","hentry","category-sem-categoria","tag-blog-do-edvaldo-magalhaes","tag-campinense","tag-futebol","tag-nautico","tag-santo-andre","tag-serra-talhada","tag-treze","tag-volante-fernando-pires-volta-ao-central-de-caruaru"],"_links":{"self":[{"href":"https:\/\/blogdoedvaldomagalhaes.com.br\/index.php\/wp-json\/wp\/v2\/posts\/3212","targetHints":{"allow":["GET"]}}],"collection":[{"href":"https:\/\/blogdoedvaldomagalhaes.com.br\/index.php\/wp-json\/wp\/v2\/posts"}],"about":[{"href":"https:\/\/blogdoedvaldomagalhaes.com.br\/index.php\/wp-json\/wp\/v2\/types\/post"}],"author":[{"embeddable":true,"href":"https:\/\/blogdoedvaldomagalhaes.com.br\/index.php\/wp-json\/wp\/v2\/users\/1"}],"replies":[{"embeddable":true,"href":"https:\/\/blogdoedvaldomagalhaes.com.br\/index.php\/wp-json\/wp\/v2\/comments?post=3212"}],"version-history":[{"count":1,"href":"https:\/\/blogdoedvaldomagalhaes.com.br\/index.php\/wp-json\/wp\/v2\/posts\/3212\/revisions"}],"predecessor-version":[{"id":28520,"href":"https:\/\/blogdoedvaldomagalhaes.com.br\/index.php\/wp-json\/wp\/v2\/posts\/3212\/revisions\/28520"}],"wp:attachment":[{"href":"https:\/\/blogdoedvaldomagalhaes.com.br\/index.php\/wp-json\/wp\/v2\/media?parent=3212"}],"wp:term":[{"taxonomy":"category","embeddable":true,"href":"https:\/\/blogdoedvaldomagalhaes.com.br\/index.php\/wp-json\/wp\/v2\/categories?post=3212"},{"taxonomy":"post_tag","embeddable":true,"href":"https:\/\/blogdoedvaldomagalhaes.com.br\/index.php\/wp-json\/wp\/v2\/tags?post=3212"}],"curies":[{"name":"wp","href":"https:\/\/api.w.org\/{rel}","templated":true}]}}