{"id":32,"date":"2019-02-06T15:40:00","date_gmt":"2019-02-06T17:40:00","guid":{"rendered":"http:\/\/blogdoedvaldomagalhaes.com.br\/index.php\/2019\/02\/06\/cursos-de-cultura-do-sesc-caruaru-te\/"},"modified":"2019-02-09T02:51:59","modified_gmt":"2019-02-09T04:51:59","slug":"cursos-de-cultura-do-sesc-caruaru-te","status":"publish","type":"post","link":"https:\/\/blogdoedvaldomagalhaes.com.br\/index.php\/2019\/02\/06\/cursos-de-cultura-do-sesc-caruaru-te\/","title":{"rendered":"Cursos de Cultura do Sesc Caruaru t\u00eam vagas abertas"},"content":{"rendered":"<div class=\"separator\" style=\"clear: both; text-align: center;\">\n<a href=\"https:\/\/1.bp.blogspot.com\/-JxkCqEwsKgQ\/XFr_xtGw72I\/AAAAAAABCD0\/ISWHLuVib30mpX9tvQHE6eK8hriOAWuogCLcBGAs\/s1600\/sesc.jpg\" imageanchor=\"1\" style=\"margin-left: 1em; margin-right: 1em;\"><img loading=\"lazy\" decoding=\"async\" border=\"0\" data-original-height=\"1067\" data-original-width=\"1600\" height=\"426\" src=\"http:\/\/blogdoedvaldomagalhaes.com.br\/wp-content\/uploads\/2019\/02\/sesc.jpg\" width=\"640\" \/><\/a><\/div>\n<div class=\"MsoNormal\" style=\"background-color: white; line-height: 22px; margin: 0cm 0cm 0.0001pt; text-align: justify; vertical-align: baseline;\">\n<\/div>\n<div class=\"MsoNormal\" style=\"background-color: white; line-height: 22px; margin: 0cm 0cm 0.0001pt; text-align: justify; vertical-align: baseline;\">\nO Sesc Caruaru est\u00e1 com inscri\u00e7\u00f5es abertas para cursos de Pintura em Tela, Teatro, Dan\u00e7a e Viol\u00e3o. Os interessados podem se dirigir ao Ponto de Atendimento da Unidade, que fica na Rua Rui Limeira Rosal, s\/n, no bairro Petr\u00f3polis. L\u00e1, ser\u00e3o informadas as datas, hor\u00e1rios e pre\u00e7os de cada curso.&nbsp;<\/div>\n<div class=\"MsoNormal\" style=\"background-color: white; line-height: 22px; margin: 0cm 0cm 0.0001pt; text-align: justify; vertical-align: baseline;\">\n<\/div>\n<div class=\"MsoNormal\" style=\"background-color: white; line-height: 22px; margin: 0cm 0cm 0.0001pt; text-align: justify; vertical-align: baseline;\">\nO curso de Pintura em Tela \u00e9 destinado a pessoas com idades a partir dos 12 anos. Nele, os alunos recebem orienta\u00e7\u00f5es sobre t\u00e9cnicas b\u00e1sicas de pintura e a utiliza\u00e7\u00e3o de diversas ferramentas na produ\u00e7\u00e3o das obras. Ao final do curso, o p\u00fablico pode conferir as pinturas dos alunos na Galeria Mestre Galdino, onde s\u00e3o expostas. Para os amantes da m\u00fasica, o Sesc Caruaru oferece o curso de Viol\u00e3o. Neste, crian\u00e7as e adultos s\u00e3o apresentados \u00e0 hist\u00f3ria de um dos instrumentos de cordas mais tocados no mundo, aprendem t\u00e9cnicas de dedilhado, afina\u00e7\u00e3o e composi\u00e7\u00e3o. H\u00e1 no curso n\u00edveis Iniciante e Intermedi\u00e1rio.&nbsp;<\/div>\n<div class=\"MsoNormal\" style=\"background-color: white; line-height: 22px; margin: 0cm 0cm 0.0001pt; text-align: justify; vertical-align: baseline;\">\n<\/div>\n<div class=\"MsoNormal\" style=\"background-color: white; line-height: 22px; margin: 0cm 0cm 0.0001pt; text-align: justify; vertical-align: baseline;\">\nNas Artes C\u00eanicas, a garotada pode participar das aulas de Teatro para Crian\u00e7a, em que s\u00e3o estimuladas a desenvolver as habilidades corporais e de comportamento para ingressarem no mundo da atua\u00e7\u00e3o. E os mais velhos t\u00eam a oportunidade de tamb\u00e9m aprenderem a arte da interpreta\u00e7\u00e3o de personagens no curso de Inicia\u00e7\u00e3o ao Teatro. Tamb\u00e9m s\u00e3o oferecidos dois n\u00edveis do curso de Dan\u00e7a de Sal\u00e3o: o Iniciante, para aqueles que desejam aprender as t\u00e9cnicas b\u00e1sicas dos passos de diversos ritmos musicais; e o Intermedi\u00e1rio, destinado \u00e0s pessoas que j\u00e1 desenvolvem coreografias e querem se aperfei\u00e7oar.&nbsp;<\/div>\n<div class=\"MsoNormal\" style=\"background-color: white; line-height: 22px; margin: 0cm 0cm 0.0001pt; text-align: justify; vertical-align: baseline;\">\n<\/div>\n<div class=\"MsoNormal\" style=\"background-color: white; line-height: 22px; margin: 0cm 0cm 0.0001pt; text-align: justify; vertical-align: baseline;\">\n\u201cNossos instrutores t\u00eam muita experi\u00eancia em suas \u00e1reas e, constantemente, participam de capacita\u00e7\u00f5es. Isso nos permite desenvolver cursos de excel\u00eancia para nossos alunos\u201d, afirma o instrutor de atividades art\u00edsticas do Sesc Caruaru, Edson Pedro da Silva, que \u00e9 um dos professores do curso de Viol\u00e3o.&nbsp;&nbsp;<\/div>\n<div class=\"MsoNormal\" style=\"background-color: white; line-height: normal; margin: 0cm 0cm 0.0001pt; text-align: justify; vertical-align: baseline;\">\n<\/div>\n","protected":false},"excerpt":{"rendered":"<p>O Sesc Caruaru est\u00e1 com inscri\u00e7\u00f5es abertas para cursos de Pintura em Tela, Teatro, Dan\u00e7a e Viol\u00e3o. Os interessados podem&hellip;<\/p>\n","protected":false},"author":1,"featured_media":0,"comment_status":"open","ping_status":"open","sticky":false,"template":"","format":"standard","meta":{"footnotes":""},"categories":[1],"tags":[2,38,6],"class_list":["post-32","post","type-post","status-publish","format-standard","hentry","category-sem-categoria","tag-blog-do-edvaldo-magalhaes","tag-cursos-de-cultura-do-sesc-caruaru-tem-vagas-abertas","tag-noticias"],"_links":{"self":[{"href":"https:\/\/blogdoedvaldomagalhaes.com.br\/index.php\/wp-json\/wp\/v2\/posts\/32","targetHints":{"allow":["GET"]}}],"collection":[{"href":"https:\/\/blogdoedvaldomagalhaes.com.br\/index.php\/wp-json\/wp\/v2\/posts"}],"about":[{"href":"https:\/\/blogdoedvaldomagalhaes.com.br\/index.php\/wp-json\/wp\/v2\/types\/post"}],"author":[{"embeddable":true,"href":"https:\/\/blogdoedvaldomagalhaes.com.br\/index.php\/wp-json\/wp\/v2\/users\/1"}],"replies":[{"embeddable":true,"href":"https:\/\/blogdoedvaldomagalhaes.com.br\/index.php\/wp-json\/wp\/v2\/comments?post=32"}],"version-history":[{"count":1,"href":"https:\/\/blogdoedvaldomagalhaes.com.br\/index.php\/wp-json\/wp\/v2\/posts\/32\/revisions"}],"predecessor-version":[{"id":37993,"href":"https:\/\/blogdoedvaldomagalhaes.com.br\/index.php\/wp-json\/wp\/v2\/posts\/32\/revisions\/37993"}],"wp:attachment":[{"href":"https:\/\/blogdoedvaldomagalhaes.com.br\/index.php\/wp-json\/wp\/v2\/media?parent=32"}],"wp:term":[{"taxonomy":"category","embeddable":true,"href":"https:\/\/blogdoedvaldomagalhaes.com.br\/index.php\/wp-json\/wp\/v2\/categories?post=32"},{"taxonomy":"post_tag","embeddable":true,"href":"https:\/\/blogdoedvaldomagalhaes.com.br\/index.php\/wp-json\/wp\/v2\/tags?post=32"}],"curies":[{"name":"wp","href":"https:\/\/api.w.org\/{rel}","templated":true}]}}