{"id":3191,"date":"2018-02-21T23:30:00","date_gmt":"2018-02-22T02:30:00","guid":{"rendered":"http:\/\/blogdoedvaldomagalhaes.com.br\/index.php\/2018\/02\/21\/apresentado-projeto-de-conclusao-da\/"},"modified":"2019-02-09T02:03:22","modified_gmt":"2019-02-09T04:03:22","slug":"apresentado-projeto-de-conclusao-da","status":"publish","type":"post","link":"https:\/\/blogdoedvaldomagalhaes.com.br\/index.php\/2018\/02\/21\/apresentado-projeto-de-conclusao-da\/","title":{"rendered":"Apresentado projeto de conclus\u00e3o da obra de reforma da Catedral de Nossa Senhora das Dores de Caruaru"},"content":{"rendered":"<div style=\"background-color: white; margin-bottom: 6px;\">\n<\/div>\n<div class=\"separator\" style=\"clear: both; text-align: center;\">\n<a href=\"https:\/\/4.bp.blogspot.com\/-Y0ropWUN3Ps\/Wo3_PbTaRKI\/AAAAAAAAqog\/jJCo3Qn-Rh0o6TA0FEl3WZ4chtQX5i45QCLcBGAs\/s1600\/padre%2B1.jpg\" imageanchor=\"1\" style=\"margin-left: 1em; margin-right: 1em;\"><img loading=\"lazy\" decoding=\"async\" border=\"0\" data-original-height=\"518\" data-original-width=\"518\" height=\"640\" src=\"http:\/\/blogdoedvaldomagalhaes.com.br\/wp-content\/uploads\/2018\/02\/padre1.jpg\" width=\"640\" \/><\/a><\/div>\n<p><\/p>\n<div class=\"separator\" style=\"clear: both; text-align: center;\">\n<a href=\"https:\/\/4.bp.blogspot.com\/-uVEcFWJpJ8g\/Wo3_QtLz_vI\/AAAAAAAAqok\/GiLjl7TUttkZlDUypngEVqN2djb2VvlKACLcBGAs\/s1600\/padre%2B2.jpg\" imageanchor=\"1\" style=\"margin-left: 1em; margin-right: 1em;\"><img loading=\"lazy\" decoding=\"async\" border=\"0\" data-original-height=\"480\" data-original-width=\"480\" height=\"640\" src=\"http:\/\/blogdoedvaldomagalhaes.com.br\/wp-content\/uploads\/2018\/02\/padre2.jpg\" width=\"640\" \/><\/a><\/div>\n<p><\/p>\n<div class=\"separator\" style=\"clear: both; text-align: center;\">\n<a href=\"https:\/\/1.bp.blogspot.com\/-GdjvQBNqIkw\/Wo3_ZO_IIKI\/AAAAAAAAqpI\/HnDwSkdEgUUz0oT35cKWNzPkxOUy_f_WgCLcBGAs\/s1600\/padre%2B3.jpg\" imageanchor=\"1\" style=\"margin-left: 1em; margin-right: 1em;\"><img loading=\"lazy\" decoding=\"async\" border=\"0\" data-original-height=\"360\" data-original-width=\"480\" height=\"480\" src=\"http:\/\/blogdoedvaldomagalhaes.com.br\/wp-content\/uploads\/2018\/02\/padre3.jpg\" width=\"640\" \/><\/a><\/div>\n<p><\/p>\n<div class=\"separator\" style=\"clear: both; text-align: center;\">\n<a href=\"https:\/\/1.bp.blogspot.com\/-Dra9Yfc1-yI\/Wo3_TKjsETI\/AAAAAAAAqoo\/NeZvMBVXRQACRVNpciVJuhRUSS-iawHYACLcBGAs\/s1600\/padre%2B4.jpg\" imageanchor=\"1\" style=\"margin-left: 1em; margin-right: 1em;\"><img loading=\"lazy\" decoding=\"async\" border=\"0\" data-original-height=\"298\" data-original-width=\"381\" height=\"494\" src=\"http:\/\/blogdoedvaldomagalhaes.com.br\/wp-content\/uploads\/2018\/02\/padre4.jpg\" width=\"640\" \/><\/a><\/div>\n<p><\/p>\n<div class=\"separator\" style=\"clear: both; text-align: center;\">\n<a href=\"https:\/\/1.bp.blogspot.com\/-d33v8juBEJc\/Wo3_UBNh2VI\/AAAAAAAAqos\/mZe2mnakqoQXGOPuatowWzcf6yPfR6H_ACLcBGAs\/s1600\/padre%2B5.jpg\" imageanchor=\"1\" style=\"margin-left: 1em; margin-right: 1em;\"><img loading=\"lazy\" decoding=\"async\" border=\"0\" data-original-height=\"360\" data-original-width=\"480\" height=\"480\" src=\"http:\/\/blogdoedvaldomagalhaes.com.br\/wp-content\/uploads\/2018\/02\/padre5.jpg\" width=\"640\" \/><\/a><\/div>\n<p><\/p>\n<div class=\"separator\" style=\"clear: both; text-align: center;\">\n<a href=\"https:\/\/4.bp.blogspot.com\/-C2hevAWtmxk\/Wo3_VFZhREI\/AAAAAAAAqow\/RyfXzlB1xoc_e20ZVAZg8hsKgvRagM18ACLcBGAs\/s1600\/padre%2B6.jpg\" imageanchor=\"1\" style=\"margin-left: 1em; margin-right: 1em;\"><img loading=\"lazy\" decoding=\"async\" border=\"0\" data-original-height=\"360\" data-original-width=\"480\" height=\"480\" src=\"http:\/\/blogdoedvaldomagalhaes.com.br\/wp-content\/uploads\/2018\/02\/padre6.jpg\" width=\"640\" \/><\/a><\/div>\n<p><\/p>\n<div class=\"separator\" style=\"clear: both; text-align: center;\">\n<a href=\"https:\/\/1.bp.blogspot.com\/-gya1ZwheCi4\/Wo3_WChz7WI\/AAAAAAAAqo0\/n_yMlEGY4W4B2gbVTeiEadnOEgzGLSvtwCLcBGAs\/s1600\/padre%2B7.jpg\" imageanchor=\"1\" style=\"margin-left: 1em; margin-right: 1em;\"><img loading=\"lazy\" decoding=\"async\" border=\"0\" data-original-height=\"360\" data-original-width=\"480\" height=\"480\" src=\"http:\/\/blogdoedvaldomagalhaes.com.br\/wp-content\/uploads\/2018\/02\/padre7.jpg\" width=\"640\" \/><\/a><\/div>\n<p><\/p>\n<div class=\"separator\" style=\"clear: both; text-align: center;\">\n<a href=\"https:\/\/1.bp.blogspot.com\/-wXyc-rFfqFo\/Wo3_X7Jp-oI\/AAAAAAAAqo8\/PpJS5NYfAYs40W1Gn8mLzbRCw7lj3ESxwCLcBGAs\/s1600\/padre%2B9.jpg\" imageanchor=\"1\" style=\"margin-left: 1em; margin-right: 1em;\"><img loading=\"lazy\" decoding=\"async\" border=\"0\" data-original-height=\"360\" data-original-width=\"480\" height=\"480\" src=\"http:\/\/blogdoedvaldomagalhaes.com.br\/wp-content\/uploads\/2018\/02\/padre9.jpg\" width=\"640\" \/><\/a><\/div>\n<p><\/p>\n<div class=\"separator\" style=\"clear: both; text-align: center;\">\n<a href=\"https:\/\/1.bp.blogspot.com\/-WjnrFyOf3zY\/Wo3_ZJGuqGI\/AAAAAAAAqpE\/zktNKlV1iYIuah6yImRR-qDwZW0km6tIACLcBGAs\/s1600\/padre%2B10.jpg\" imageanchor=\"1\" style=\"margin-left: 1em; margin-right: 1em;\"><img loading=\"lazy\" decoding=\"async\" border=\"0\" data-original-height=\"360\" data-original-width=\"480\" height=\"480\" src=\"http:\/\/blogdoedvaldomagalhaes.com.br\/wp-content\/uploads\/2018\/02\/padre10.jpg\" width=\"640\" \/><\/a><\/div>\n<p><\/p>\n<div class=\"separator\" style=\"clear: both; text-align: center;\">\n<\/div>\n<div style=\"text-align: justify;\">\n<\/div>\n<div style=\"text-align: justify;\">\nNa noite dessa ter\u00e7a-feira (20), o Padre&nbsp;Silvano Onofre&nbsp;a convite do Padre&nbsp;Zenilson Tiburcio&nbsp;esteve na Catedral de Nossa Senhora da Dores e falou sobre a&nbsp;import\u00e2ncia da Catedral, apresentou o novo projeto de reforma, juntamente com uma presta\u00e7\u00e3o de contas de tudo que foi feito e uma previs\u00e3o dos futuros investimento para conclus\u00e3o da reforma, para v\u00e1rios convidados, que representaram a sociedade caruaruense em diversos segmentos.<\/div>\n<p><\/p>\n<div style=\"text-align: justify;\">\n<\/div>\n<p><\/p>\n<div style=\"text-align: justify;\">\nDepois de toda apresenta\u00e7\u00e3o e exposi\u00e7\u00f5es dos futuros passos, o Padre Zenilson convidou a todos para juntos unir for\u00e7as em busca de solu\u00e7\u00f5es para conclus\u00e3o da reforma.<\/p>\n<p>Saiba mais:&nbsp;<a href=\"https:\/\/www.facebook.com\/catedral.reformando\">https:\/\/www.facebook.com\/catedral.reformando<\/a><\/div>\n","protected":false},"excerpt":{"rendered":"<p>Na noite dessa ter\u00e7a-feira (20), o Padre&nbsp;Silvano Onofre&nbsp;a convite do Padre&nbsp;Zenilson Tiburcio&nbsp;esteve na Catedral de Nossa Senhora da Dores e&hellip;<\/p>\n","protected":false},"author":1,"featured_media":0,"comment_status":"open","ping_status":"open","sticky":false,"template":"","format":"standard","meta":{"footnotes":""},"categories":[1],"tags":[3591,2,6,3592,3593],"class_list":["post-3191","post","type-post","status-publish","format-standard","hentry","category-sem-categoria","tag-apresentado-projeto-de-conclusao-da-obra-de-reforma-da-catedral-de-nossa-senhora-das-dores-de-caruaru","tag-blog-do-edvaldo-magalhaes","tag-noticias","tag-padre-silvano-onofre","tag-padre-zenilson-tiburcio"],"_links":{"self":[{"href":"https:\/\/blogdoedvaldomagalhaes.com.br\/index.php\/wp-json\/wp\/v2\/posts\/3191","targetHints":{"allow":["GET"]}}],"collection":[{"href":"https:\/\/blogdoedvaldomagalhaes.com.br\/index.php\/wp-json\/wp\/v2\/posts"}],"about":[{"href":"https:\/\/blogdoedvaldomagalhaes.com.br\/index.php\/wp-json\/wp\/v2\/types\/post"}],"author":[{"embeddable":true,"href":"https:\/\/blogdoedvaldomagalhaes.com.br\/index.php\/wp-json\/wp\/v2\/users\/1"}],"replies":[{"embeddable":true,"href":"https:\/\/blogdoedvaldomagalhaes.com.br\/index.php\/wp-json\/wp\/v2\/comments?post=3191"}],"version-history":[{"count":1,"href":"https:\/\/blogdoedvaldomagalhaes.com.br\/index.php\/wp-json\/wp\/v2\/posts\/3191\/revisions"}],"predecessor-version":[{"id":28592,"href":"https:\/\/blogdoedvaldomagalhaes.com.br\/index.php\/wp-json\/wp\/v2\/posts\/3191\/revisions\/28592"}],"wp:attachment":[{"href":"https:\/\/blogdoedvaldomagalhaes.com.br\/index.php\/wp-json\/wp\/v2\/media?parent=3191"}],"wp:term":[{"taxonomy":"category","embeddable":true,"href":"https:\/\/blogdoedvaldomagalhaes.com.br\/index.php\/wp-json\/wp\/v2\/categories?post=3191"},{"taxonomy":"post_tag","embeddable":true,"href":"https:\/\/blogdoedvaldomagalhaes.com.br\/index.php\/wp-json\/wp\/v2\/tags?post=3191"}],"curies":[{"name":"wp","href":"https:\/\/api.w.org\/{rel}","templated":true}]}}