{"id":3189,"date":"2018-02-22T01:17:00","date_gmt":"2018-02-22T04:17:00","guid":{"rendered":"http:\/\/blogdoedvaldomagalhaes.com.br\/index.php\/2018\/02\/22\/comunidades-da-zona-rural-de-caruaru\/"},"modified":"2019-02-09T02:03:22","modified_gmt":"2019-02-09T04:03:22","slug":"comunidades-da-zona-rural-de-caruaru","status":"publish","type":"post","link":"https:\/\/blogdoedvaldomagalhaes.com.br\/index.php\/2018\/02\/22\/comunidades-da-zona-rural-de-caruaru\/","title":{"rendered":"Comunidades da zona rural de Caruaru voltam a ter \u00e1gua nas torneiras"},"content":{"rendered":"<div class=\"separator\" style=\"clear: both; text-align: center;\">\n<a href=\"https:\/\/4.bp.blogspot.com\/-3NycIrjnFAE\/Wo4aFwVH1WI\/AAAAAAAAqp8\/KrcP5jRXWBQbqrTT3FN6qRJjWfYixdzrACLcBGAs\/s1600\/agua.jpg\" imageanchor=\"1\" style=\"margin-left: 1em; margin-right: 1em;\"><img loading=\"lazy\" decoding=\"async\" border=\"0\" data-original-height=\"637\" data-original-width=\"768\" height=\"530\" src=\"http:\/\/blogdoedvaldomagalhaes.com.br\/wp-content\/uploads\/2018\/02\/agua.jpg\" width=\"640\" \/><\/a><\/div>\n<div style=\"background-color: white; box-sizing: border-box; line-height: 24px; margin-bottom: 10px; text-align: center;\">\nFoto: Iza\u00edas Rodrigues\/R\u00e1dio Liberdade<\/div>\n<div style=\"background-color: white; box-sizing: border-box; line-height: 24px; margin-bottom: 10px; text-align: justify;\">\nOs moradores do 2\u00ba Distrito de Caruaru que vivem nas localidades de Lajes, Ju\u00e1 e Jacar\u00e9 Grande ter\u00e3o novamente \u00e1gua nas torneiras. A Compesa deu in\u00edcio nesta quarta-feira (21) \u00e0 fase de testes do sistema de abastecimento de \u00e1gua para retomar o fornecimento pela rede de distribui\u00e7\u00e3o. Essas \u00e1reas estavam sendo abastecidas por carros-pipa desde que a Barragem de Jucazinho entrou em colapso, h\u00e1 um ano e cinco meses.<\/div>\n<div style=\"background-color: white; box-sizing: border-box; line-height: 24px; margin-bottom: 10px; text-align: justify;\">\nA retomada do abastecimento est\u00e1 sendo poss\u00edvel gra\u00e7as ao investimento realizado pelo Governo do Estado com a instala\u00e7\u00e3o de doze novos conjuntos motobombas nas esta\u00e7\u00f5es elevat\u00f3rias (bombeamento) do Sistema Prata\/Pirangi, a\u00e7\u00e3o finalizada no fim de 2017. A obra recebeu o investimento de 2 milh\u00f5es e 600 mil reais e proporcionou um aumento da produ\u00e7\u00e3o de \u00e1gua para a regi\u00e3o.<\/div>\n<div style=\"background-color: white; box-sizing: border-box; line-height: 24px; margin-bottom: 10px; text-align: justify;\">\nNa regi\u00e3o do 2\u00ba Distrito de Caruaru vivem cerca de 20 mil pessoas. A partir do dia 28 de fevereiro, a Compesa come\u00e7ar\u00e1 os testes para atender outras seis localidades situadas na \u00e1rea: Rafael, Cachoeira Seca, Riacho Doce, Malhada de Barreiras Queimadas, Juriti e Contendas. Ap\u00f3s esse per\u00edodo, que deve durar cerca de 20 dias, a distribui\u00e7\u00e3o dever\u00e1 ser normalizada, e as localidades ser\u00e3o abastecidas de acordo com o calend\u00e1rio que ser\u00e1 divulgado posteriormente.<\/div>\n","protected":false},"excerpt":{"rendered":"<p>Foto: Iza\u00edas Rodrigues\/R\u00e1dio Liberdade Os moradores do 2\u00ba Distrito de Caruaru que vivem nas localidades de Lajes, Ju\u00e1 e Jacar\u00e9&hellip;<\/p>\n","protected":false},"author":1,"featured_media":0,"comment_status":"open","ping_status":"open","sticky":false,"template":"","format":"standard","meta":{"footnotes":""},"categories":[1],"tags":[2,3589,6],"class_list":["post-3189","post","type-post","status-publish","format-standard","hentry","category-sem-categoria","tag-blog-do-edvaldo-magalhaes","tag-comunidades-da-zona-rural-de-caruaru-voltam-a-ter-agua-nas-torneiras","tag-noticias"],"_links":{"self":[{"href":"https:\/\/blogdoedvaldomagalhaes.com.br\/index.php\/wp-json\/wp\/v2\/posts\/3189","targetHints":{"allow":["GET"]}}],"collection":[{"href":"https:\/\/blogdoedvaldomagalhaes.com.br\/index.php\/wp-json\/wp\/v2\/posts"}],"about":[{"href":"https:\/\/blogdoedvaldomagalhaes.com.br\/index.php\/wp-json\/wp\/v2\/types\/post"}],"author":[{"embeddable":true,"href":"https:\/\/blogdoedvaldomagalhaes.com.br\/index.php\/wp-json\/wp\/v2\/users\/1"}],"replies":[{"embeddable":true,"href":"https:\/\/blogdoedvaldomagalhaes.com.br\/index.php\/wp-json\/wp\/v2\/comments?post=3189"}],"version-history":[{"count":1,"href":"https:\/\/blogdoedvaldomagalhaes.com.br\/index.php\/wp-json\/wp\/v2\/posts\/3189\/revisions"}],"predecessor-version":[{"id":28596,"href":"https:\/\/blogdoedvaldomagalhaes.com.br\/index.php\/wp-json\/wp\/v2\/posts\/3189\/revisions\/28596"}],"wp:attachment":[{"href":"https:\/\/blogdoedvaldomagalhaes.com.br\/index.php\/wp-json\/wp\/v2\/media?parent=3189"}],"wp:term":[{"taxonomy":"category","embeddable":true,"href":"https:\/\/blogdoedvaldomagalhaes.com.br\/index.php\/wp-json\/wp\/v2\/categories?post=3189"},{"taxonomy":"post_tag","embeddable":true,"href":"https:\/\/blogdoedvaldomagalhaes.com.br\/index.php\/wp-json\/wp\/v2\/tags?post=3189"}],"curies":[{"name":"wp","href":"https:\/\/api.w.org\/{rel}","templated":true}]}}