{"id":3165,"date":"2018-02-24T11:44:00","date_gmt":"2018-02-24T14:44:00","guid":{"rendered":"http:\/\/blogdoedvaldomagalhaes.com.br\/index.php\/2018\/02\/24\/1-forum-sobre-ideologia-de-genero-e\/"},"modified":"2019-02-09T02:03:42","modified_gmt":"2019-02-09T04:03:42","slug":"1-forum-sobre-ideologia-de-genero-e","status":"publish","type":"post","link":"https:\/\/blogdoedvaldomagalhaes.com.br\/index.php\/2018\/02\/24\/1-forum-sobre-ideologia-de-genero-e\/","title":{"rendered":"1\u00ba F\u00f3rum sobre Ideologia de G\u00eanero em Caruaru"},"content":{"rendered":"<div class=\"separator\" style=\"clear: both; text-align: center;\">\n<a href=\"https:\/\/2.bp.blogspot.com\/-umJxAmrayjo\/WpFQJfCvgoI\/AAAAAAAAq1c\/WYjPCfC4bvQwm09pUZLNZSif0A4hIVItwCLcBGAs\/s1600\/ideoligia.jpg\" imageanchor=\"1\" style=\"margin-left: 1em; margin-right: 1em;\"><img loading=\"lazy\" decoding=\"async\" border=\"0\" data-original-height=\"140\" data-original-width=\"359\" height=\"250\" src=\"http:\/\/blogdoedvaldomagalhaes.com.br\/wp-content\/uploads\/2018\/02\/ideoligia.jpg\" width=\"640\" \/><\/a><\/div>\n<div style=\"background-color: white; border: 0px; margin-bottom: 1.5em; outline: 0px; padding: 0px; text-align: justify; vertical-align: baseline;\">\n<\/div>\n<div style=\"background-color: white; border: 0px; margin-bottom: 1.5em; outline: 0px; padding: 0px; text-align: justify; vertical-align: baseline;\">\nA Comunidade Cat\u00f3lica Restaura\u00e7\u00e3o realiza neste s\u00e1bado e domingo (24 e 25) o 1\u00ba F\u00f3rum sobre Ideologia de G\u00eanero em Caruaru. O evento acontece no audit\u00f3rio da Fafica com programa\u00e7\u00e3o que contar\u00e1 com a presen\u00e7a do padre Jos\u00e9 Eduardo e do professor Alu\u00edsio Dantas, que v\u00e3o falar sobre a narrativa hist\u00f3rica, filos\u00f3fica e ideol\u00f3gica sobre o tema Ideologia de G\u00eanero.<\/div>\n<div style=\"background-color: white; border: 0px; margin-bottom: 1.5em; outline: 0px; padding: 0px; text-align: justify; vertical-align: baseline;\">\nNo primeiro dia o hor\u00e1rio ser\u00e1 das 14h \u00e0s 22h e no segundo das 8h30 \u00e0s 12h. As inscri\u00e7\u00f5es custam R$ 25 com anteced\u00eancia e no local R$ 30, e podem ser feitas na Comunidade Cat\u00f3lica Restaura\u00e7\u00e3o (Rua Lenilson Ara\u00fajo de Melo, 357, Indian\u00f3polis) ou atrav\u00e9s do link bit.ly\/1forumideologiadegeneroccr.<\/div>\n","protected":false},"excerpt":{"rendered":"<p>A Comunidade Cat\u00f3lica Restaura\u00e7\u00e3o realiza neste s\u00e1bado e domingo (24 e 25) o 1\u00ba F\u00f3rum sobre Ideologia de G\u00eanero em&hellip;<\/p>\n","protected":false},"author":1,"featured_media":0,"comment_status":"open","ping_status":"open","sticky":false,"template":"","format":"standard","meta":{"footnotes":""},"categories":[1],"tags":[3553,1527,2,3554,3555,6,3556,3557],"class_list":["post-3165","post","type-post","status-publish","format-standard","hentry","category-sem-categoria","tag-1o-forum-sobre-ideologia-de-genero-em-caruaru","tag-bairro-indianopolis","tag-blog-do-edvaldo-magalhaes","tag-comunidade-catolica-restauracao","tag-fafica","tag-noticias","tag-padre-jose-eduardo","tag-professor-aluisio-dantas"],"_links":{"self":[{"href":"https:\/\/blogdoedvaldomagalhaes.com.br\/index.php\/wp-json\/wp\/v2\/posts\/3165","targetHints":{"allow":["GET"]}}],"collection":[{"href":"https:\/\/blogdoedvaldomagalhaes.com.br\/index.php\/wp-json\/wp\/v2\/posts"}],"about":[{"href":"https:\/\/blogdoedvaldomagalhaes.com.br\/index.php\/wp-json\/wp\/v2\/types\/post"}],"author":[{"embeddable":true,"href":"https:\/\/blogdoedvaldomagalhaes.com.br\/index.php\/wp-json\/wp\/v2\/users\/1"}],"replies":[{"embeddable":true,"href":"https:\/\/blogdoedvaldomagalhaes.com.br\/index.php\/wp-json\/wp\/v2\/comments?post=3165"}],"version-history":[{"count":1,"href":"https:\/\/blogdoedvaldomagalhaes.com.br\/index.php\/wp-json\/wp\/v2\/posts\/3165\/revisions"}],"predecessor-version":[{"id":28654,"href":"https:\/\/blogdoedvaldomagalhaes.com.br\/index.php\/wp-json\/wp\/v2\/posts\/3165\/revisions\/28654"}],"wp:attachment":[{"href":"https:\/\/blogdoedvaldomagalhaes.com.br\/index.php\/wp-json\/wp\/v2\/media?parent=3165"}],"wp:term":[{"taxonomy":"category","embeddable":true,"href":"https:\/\/blogdoedvaldomagalhaes.com.br\/index.php\/wp-json\/wp\/v2\/categories?post=3165"},{"taxonomy":"post_tag","embeddable":true,"href":"https:\/\/blogdoedvaldomagalhaes.com.br\/index.php\/wp-json\/wp\/v2\/tags?post=3165"}],"curies":[{"name":"wp","href":"https:\/\/api.w.org\/{rel}","templated":true}]}}