{"id":3162,"date":"2018-02-25T01:16:00","date_gmt":"2018-02-25T04:16:00","guid":{"rendered":"http:\/\/blogdoedvaldomagalhaes.com.br\/index.php\/2018\/02\/25\/jovem-assassinado-tiros-em-caruaru-2\/"},"modified":"2019-02-09T02:03:44","modified_gmt":"2019-02-09T04:03:44","slug":"jovem-assassinado-tiros-em-caruaru-2","status":"publish","type":"post","link":"https:\/\/blogdoedvaldomagalhaes.com.br\/index.php\/2018\/02\/25\/jovem-assassinado-tiros-em-caruaru-2\/","title":{"rendered":"Jovem assassinado a tiros em Caruaru neste s\u00e1bado (24)"},"content":{"rendered":"<div class=\"separator\" style=\"clear: both; text-align: center;\">\n<a href=\"https:\/\/1.bp.blogspot.com\/-HSp6F_aThck\/WpINY8ahOkI\/AAAAAAAAq3I\/2Oy2W4H3AXs2Ii8PwBoHJztKNnnzQ1w7ACLcBGAs\/s1600\/Homic%25C3%25ADdio-Josias-Souza.jpg\" imageanchor=\"1\" style=\"margin-left: 1em; margin-right: 1em;\"><img loading=\"lazy\" decoding=\"async\" border=\"0\" data-original-height=\"575\" data-original-width=\"1024\" height=\"358\" src=\"http:\/\/blogdoedvaldomagalhaes.com.br\/wp-content\/uploads\/2018\/02\/HomicC3ADdio-Josias-Souza.jpg\" width=\"640\" \/><\/a><\/div>\n<div class=\"separator\" style=\"clear: both; text-align: center;\">\nFotos: Josias Souza&nbsp;<\/div>\n<div class=\"separator\" style=\"clear: both; text-align: center;\">\n<\/div>\n<div style=\"background-color: white; box-sizing: border-box; line-height: 23px; margin-bottom: 10px; text-align: justify;\">\nRegistrado em Caruaru, Agreste pernambucano, o segundo homic\u00eddio do fim de semana. O jovem J\u00e9ferson Rodrigo da Silva, 23 anos, residente na rua Itabaiana, no bairro Santa Rosa, foi morto a tiros na 1\u00aa Travessa Itabaiana, bairro Santa Rosa. O crime aconteceu na noite deste s\u00e1bado (24).<\/p>\n<p><\/p>\n<div class=\"separator\" style=\"clear: both; text-align: center;\">\n<a href=\"https:\/\/3.bp.blogspot.com\/-LqrjCfZhy6U\/WpIPDmQM5GI\/AAAAAAAAq3U\/0KdUzlqNauA7gL_e8AkFoFgb87JrmoUYQCLcBGAs\/s1600\/IMG-20180224-WA0165.jpg\" imageanchor=\"1\" style=\"margin-left: 1em; margin-right: 1em;\"><img loading=\"lazy\" decoding=\"async\" border=\"0\" data-original-height=\"278\" data-original-width=\"137\" height=\"640\" src=\"http:\/\/blogdoedvaldomagalhaes.com.br\/wp-content\/uploads\/2018\/02\/IMG-20180224-WA0165.jpg\" width=\"315\" \/><\/a><\/div>\n<p><\/div>\n<div style=\"background-color: white; box-sizing: border-box; line-height: 23px; margin-bottom: 10px; text-align: justify;\">\nAinda n\u00e3o h\u00e1 informa\u00e7\u00f5es sobre a autoria do homic\u00eddio. Segundo informa\u00e7\u00f5es da pol\u00edcia, dois indiv\u00edduos chegaram em uma Van de placas n\u00e3o anotadas, efetuaram disparos de arma de fogo na v\u00edtima &nbsp;e depois fugiram no citado ve\u00edculo. O corpo ser\u00e1 encaminhado para o Instituto de Medicina Legal (IML).<\/p>\n<div class=\"separator\" style=\"clear: both; text-align: center;\">\n<a href=\"https:\/\/3.bp.blogspot.com\/-6vRf2uhYJN0\/WpIUGc3xJfI\/AAAAAAAAq3k\/Ub2LMTfhFqoWTjzajUHpC2kTjFZEYO7wgCLcBGAs\/s1600\/IMG-20180224-WA0170.jpg\" imageanchor=\"1\" style=\"margin-left: 1em; margin-right: 1em;\"><img loading=\"lazy\" decoding=\"async\" border=\"0\" data-original-height=\"584\" data-original-width=\"1040\" height=\"358\" src=\"http:\/\/blogdoedvaldomagalhaes.com.br\/wp-content\/uploads\/2018\/02\/IMG-20180224-WA0170.jpg\" width=\"640\" \/><\/a><\/div>\n<p><\/div>\n<div style=\"background-color: white; box-sizing: border-box; line-height: 23px; margin-bottom: 10px; text-align: justify;\">\nCom este homic\u00eddio, sobe para 16 o n\u00famero de pessoas assassinadas no m\u00eas de fevereiro em Caruaru e para 26 neste ano de 2018.<\/p>\n<div class=\"separator\" style=\"clear: both; text-align: center;\">\n<a href=\"https:\/\/2.bp.blogspot.com\/-k1VcnbsDXGQ\/WpIUgoN_f4I\/AAAAAAAAq3o\/hHP_CPMNCEkgbPlB-aShZWvwYkgau__ywCLcBGAs\/s1600\/IMG-20180224-WA0171.jpg\" imageanchor=\"1\" style=\"margin-left: 1em; margin-right: 1em;\"><img loading=\"lazy\" decoding=\"async\" border=\"0\" data-original-height=\"584\" data-original-width=\"1040\" height=\"358\" src=\"http:\/\/blogdoedvaldomagalhaes.com.br\/wp-content\/uploads\/2018\/02\/IMG-20180224-WA0171.jpg\" width=\"640\" \/><\/a><\/div>\n<p><\/div>\n","protected":false},"excerpt":{"rendered":"<p>Fotos: Josias Souza&nbsp; Registrado em Caruaru, Agreste pernambucano, o segundo homic\u00eddio do fim de semana. O jovem J\u00e9ferson Rodrigo da&hellip;<\/p>\n","protected":false},"author":1,"featured_media":0,"comment_status":"open","ping_status":"open","sticky":false,"template":"","format":"standard","meta":{"footnotes":""},"categories":[1],"tags":[2,13],"class_list":["post-3162","post","type-post","status-publish","format-standard","hentry","category-sem-categoria","tag-blog-do-edvaldo-magalhaes","tag-policial"],"_links":{"self":[{"href":"https:\/\/blogdoedvaldomagalhaes.com.br\/index.php\/wp-json\/wp\/v2\/posts\/3162","targetHints":{"allow":["GET"]}}],"collection":[{"href":"https:\/\/blogdoedvaldomagalhaes.com.br\/index.php\/wp-json\/wp\/v2\/posts"}],"about":[{"href":"https:\/\/blogdoedvaldomagalhaes.com.br\/index.php\/wp-json\/wp\/v2\/types\/post"}],"author":[{"embeddable":true,"href":"https:\/\/blogdoedvaldomagalhaes.com.br\/index.php\/wp-json\/wp\/v2\/users\/1"}],"replies":[{"embeddable":true,"href":"https:\/\/blogdoedvaldomagalhaes.com.br\/index.php\/wp-json\/wp\/v2\/comments?post=3162"}],"version-history":[{"count":1,"href":"https:\/\/blogdoedvaldomagalhaes.com.br\/index.php\/wp-json\/wp\/v2\/posts\/3162\/revisions"}],"predecessor-version":[{"id":28667,"href":"https:\/\/blogdoedvaldomagalhaes.com.br\/index.php\/wp-json\/wp\/v2\/posts\/3162\/revisions\/28667"}],"wp:attachment":[{"href":"https:\/\/blogdoedvaldomagalhaes.com.br\/index.php\/wp-json\/wp\/v2\/media?parent=3162"}],"wp:term":[{"taxonomy":"category","embeddable":true,"href":"https:\/\/blogdoedvaldomagalhaes.com.br\/index.php\/wp-json\/wp\/v2\/categories?post=3162"},{"taxonomy":"post_tag","embeddable":true,"href":"https:\/\/blogdoedvaldomagalhaes.com.br\/index.php\/wp-json\/wp\/v2\/tags?post=3162"}],"curies":[{"name":"wp","href":"https:\/\/api.w.org\/{rel}","templated":true}]}}