{"id":3136,"date":"2018-02-28T10:09:00","date_gmt":"2018-02-28T13:09:00","guid":{"rendered":"http:\/\/blogdoedvaldomagalhaes.com.br\/index.php\/2018\/02\/28\/moda-center-santa-cruz-nao-abrira-mais\/"},"modified":"2019-02-09T02:04:10","modified_gmt":"2019-02-09T04:04:10","slug":"moda-center-santa-cruz-nao-abrira-mais","status":"publish","type":"post","link":"https:\/\/blogdoedvaldomagalhaes.com.br\/index.php\/2018\/02\/28\/moda-center-santa-cruz-nao-abrira-mais\/","title":{"rendered":"Moda Center Santa Cruz n\u00e3o abrir\u00e1 mais aos domingos"},"content":{"rendered":"<div class=\"separator\" style=\"clear: both; text-align: center;\">\n<a href=\"https:\/\/1.bp.blogspot.com\/--BXapTAqMko\/WpZ_4vmkYfI\/AAAAAAAArEY\/i0NmVwd4MUYdHsIypOmK_LoTy6dMVKitQCLcBGAs\/s1600\/moda.jpg\" imageanchor=\"1\" style=\"margin-left: 1em; margin-right: 1em;\"><img loading=\"lazy\" decoding=\"async\" border=\"0\" data-original-height=\"405\" data-original-width=\"640\" height=\"404\" src=\"http:\/\/blogdoedvaldomagalhaes.com.br\/wp-content\/uploads\/2018\/02\/moda.jpg\" width=\"640\" \/><\/a><\/div>\n<div style=\"background-color: white; box-sizing: border-box; line-height: 24px; margin-bottom: 10px; text-align: justify;\">\n<\/div>\n<div style=\"background-color: white; box-sizing: border-box; line-height: 24px; margin-bottom: 10px; text-align: justify;\">\nOs cond\u00f4minos do Moda Center Santa Cruz decidiram, em assembleia realizada nesta ter\u00e7a-feira (27), que o centro de compras n\u00e3o abrir\u00e1 mais para o p\u00fablico aos domingos como vinha acontecendo desde 2015, durante a alta temporada \u2013 maio, junho, novembro e dezembro.<\/div>\n<div style=\"background-color: white; box-sizing: border-box; line-height: 24px; margin-bottom: 10px; text-align: justify;\">\nForam 3.319 votos (dos 7 mil poss\u00edveis), dos quais 1.815 optaram pela abertura do centro atacadista apenas nas segundas e ter\u00e7as-feiras. Outros 128 votaram pelo funcionamento tamb\u00e9m aos domingos; 1.360 pela manuten\u00e7\u00e3o do calend\u00e1rio atual, com feiras aos domingos apenas durante a alta temporada; e 16 votos foram nulos. Nenhum voto branco foi registrado.<\/div>\n<div style=\"background-color: white; box-sizing: border-box; line-height: 24px; margin-bottom: 10px; text-align: justify;\">\nA vota\u00e7\u00e3o ocorreu das 8h30 \u00e0s 17h nas urnas instaladas no corredor central do Moda Center.<\/div>\n<div style=\"background-color: white; box-sizing: border-box; line-height: 24px; margin-bottom: 10px; text-align: justify;\">\nJ\u00e1 em Caruaru, foi realizada reuni\u00e3o nesta ter\u00e7a-feira para definir o calend\u00e1rio da Feira da Sulanca em junho e no fim do ano. Em junho e dezembro as feiras ser\u00e3o realizadas aos domingos e nas segundas-feiras.<\/div>\n","protected":false},"excerpt":{"rendered":"<p>Os cond\u00f4minos do Moda Center Santa Cruz decidiram, em assembleia realizada nesta ter\u00e7a-feira (27), que o centro de compras n\u00e3o&hellip;<\/p>\n","protected":false},"author":1,"featured_media":0,"comment_status":"open","ping_status":"open","sticky":false,"template":"","format":"standard","meta":{"footnotes":""},"categories":[1],"tags":[2,3514,6],"class_list":["post-3136","post","type-post","status-publish","format-standard","hentry","category-sem-categoria","tag-blog-do-edvaldo-magalhaes","tag-moda-center-santa-cruz-nao-abrira-mais-aos-domingos","tag-noticias"],"_links":{"self":[{"href":"https:\/\/blogdoedvaldomagalhaes.com.br\/index.php\/wp-json\/wp\/v2\/posts\/3136","targetHints":{"allow":["GET"]}}],"collection":[{"href":"https:\/\/blogdoedvaldomagalhaes.com.br\/index.php\/wp-json\/wp\/v2\/posts"}],"about":[{"href":"https:\/\/blogdoedvaldomagalhaes.com.br\/index.php\/wp-json\/wp\/v2\/types\/post"}],"author":[{"embeddable":true,"href":"https:\/\/blogdoedvaldomagalhaes.com.br\/index.php\/wp-json\/wp\/v2\/users\/1"}],"replies":[{"embeddable":true,"href":"https:\/\/blogdoedvaldomagalhaes.com.br\/index.php\/wp-json\/wp\/v2\/comments?post=3136"}],"version-history":[{"count":1,"href":"https:\/\/blogdoedvaldomagalhaes.com.br\/index.php\/wp-json\/wp\/v2\/posts\/3136\/revisions"}],"predecessor-version":[{"id":28732,"href":"https:\/\/blogdoedvaldomagalhaes.com.br\/index.php\/wp-json\/wp\/v2\/posts\/3136\/revisions\/28732"}],"wp:attachment":[{"href":"https:\/\/blogdoedvaldomagalhaes.com.br\/index.php\/wp-json\/wp\/v2\/media?parent=3136"}],"wp:term":[{"taxonomy":"category","embeddable":true,"href":"https:\/\/blogdoedvaldomagalhaes.com.br\/index.php\/wp-json\/wp\/v2\/categories?post=3136"},{"taxonomy":"post_tag","embeddable":true,"href":"https:\/\/blogdoedvaldomagalhaes.com.br\/index.php\/wp-json\/wp\/v2\/tags?post=3136"}],"curies":[{"name":"wp","href":"https:\/\/api.w.org\/{rel}","templated":true}]}}