{"id":3135,"date":"2018-02-28T10:11:00","date_gmt":"2018-02-28T13:11:00","guid":{"rendered":"http:\/\/blogdoedvaldomagalhaes.com.br\/index.php\/2018\/02\/28\/prazo-para-prova-de-vida-no-inss\/"},"modified":"2019-02-09T02:04:10","modified_gmt":"2019-02-09T04:04:10","slug":"prazo-para-prova-de-vida-no-inss","status":"publish","type":"post","link":"https:\/\/blogdoedvaldomagalhaes.com.br\/index.php\/2018\/02\/28\/prazo-para-prova-de-vida-no-inss\/","title":{"rendered":"Prazo para prova de vida no INSS termina nesta quarta-feira"},"content":{"rendered":"<div class=\"separator\" style=\"clear: both; text-align: center;\">\n<a href=\"https:\/\/2.bp.blogspot.com\/-BP6Mu4wd3Dc\/WpaASjyijmI\/AAAAAAAArEc\/QWuEx5rgK7ogoAi0dXH1ccbwnsqD5p9rACLcBGAs\/s1600\/inss.jpg\" imageanchor=\"1\" style=\"margin-left: 1em; margin-right: 1em;\"><img loading=\"lazy\" decoding=\"async\" border=\"0\" data-original-height=\"433\" data-original-width=\"768\" height=\"360\" src=\"http:\/\/blogdoedvaldomagalhaes.com.br\/wp-content\/uploads\/2018\/02\/inss.jpg\" width=\"640\" \/><\/a><\/div>\n<div style=\"background-color: white; box-sizing: border-box; line-height: 24px; margin-bottom: 10px; text-align: justify;\">\n<\/div>\n<div style=\"background-color: white; box-sizing: border-box; line-height: 24px; margin-bottom: 10px; text-align: justify;\">\nBenefici\u00e1rios do Instituto Nacional do Seguro Social (INSS) que ainda n\u00e3o fizeram a prova de vida devem procurar uma ag\u00eancia banc\u00e1ria e realizar o procedimento at\u00e9 esta quarta-feira (28), sob pena de ter o pagamento interrompido. O prazo, segundo o diretor de Benef\u00edcios do INSS, Alessandro Ribeiro, n\u00e3o ser\u00e1 prorrogado.O per\u00edodo venceria em 31 de dezembro, mas, devido ao grande n\u00famero de benefici\u00e1rios que n\u00e3o realizou o procedimento em 2017, o prazo foi prorrogado.<\/div>\n<div style=\"background-color: white; box-sizing: border-box; line-height: 24px; margin-bottom: 10px; text-align: justify;\">\nA comprova\u00e7\u00e3o \u00e9 obrigat\u00f3ria para todos que recebem seus pagamentos por conta-corrente, conta poupan\u00e7a ou cart\u00e3o magn\u00e9tico. N\u00e3o \u00e9 necess\u00e1rio ir a ag\u00eancias da Previd\u00eancia Social. O procedimento \u00e9 feito diretamente no banco em que o benefici\u00e1rio recebe o dinheiro, mediante apresenta\u00e7\u00e3o de documento de identifica\u00e7\u00e3o com foto.<\/div>\n","protected":false},"excerpt":{"rendered":"<p>Benefici\u00e1rios do Instituto Nacional do Seguro Social (INSS) que ainda n\u00e3o fizeram a prova de vida devem procurar uma ag\u00eancia&hellip;<\/p>\n","protected":false},"author":1,"featured_media":0,"comment_status":"open","ping_status":"open","sticky":false,"template":"","format":"standard","meta":{"footnotes":""},"categories":[1],"tags":[2,6,3513],"class_list":["post-3135","post","type-post","status-publish","format-standard","hentry","category-sem-categoria","tag-blog-do-edvaldo-magalhaes","tag-noticias","tag-prazo-para-prova-de-vida-no-inss-termina-nesta-quarta-feira"],"_links":{"self":[{"href":"https:\/\/blogdoedvaldomagalhaes.com.br\/index.php\/wp-json\/wp\/v2\/posts\/3135","targetHints":{"allow":["GET"]}}],"collection":[{"href":"https:\/\/blogdoedvaldomagalhaes.com.br\/index.php\/wp-json\/wp\/v2\/posts"}],"about":[{"href":"https:\/\/blogdoedvaldomagalhaes.com.br\/index.php\/wp-json\/wp\/v2\/types\/post"}],"author":[{"embeddable":true,"href":"https:\/\/blogdoedvaldomagalhaes.com.br\/index.php\/wp-json\/wp\/v2\/users\/1"}],"replies":[{"embeddable":true,"href":"https:\/\/blogdoedvaldomagalhaes.com.br\/index.php\/wp-json\/wp\/v2\/comments?post=3135"}],"version-history":[{"count":1,"href":"https:\/\/blogdoedvaldomagalhaes.com.br\/index.php\/wp-json\/wp\/v2\/posts\/3135\/revisions"}],"predecessor-version":[{"id":28734,"href":"https:\/\/blogdoedvaldomagalhaes.com.br\/index.php\/wp-json\/wp\/v2\/posts\/3135\/revisions\/28734"}],"wp:attachment":[{"href":"https:\/\/blogdoedvaldomagalhaes.com.br\/index.php\/wp-json\/wp\/v2\/media?parent=3135"}],"wp:term":[{"taxonomy":"category","embeddable":true,"href":"https:\/\/blogdoedvaldomagalhaes.com.br\/index.php\/wp-json\/wp\/v2\/categories?post=3135"},{"taxonomy":"post_tag","embeddable":true,"href":"https:\/\/blogdoedvaldomagalhaes.com.br\/index.php\/wp-json\/wp\/v2\/tags?post=3135"}],"curies":[{"name":"wp","href":"https:\/\/api.w.org\/{rel}","templated":true}]}}