{"id":3134,"date":"2018-02-28T10:15:00","date_gmt":"2018-02-28T13:15:00","guid":{"rendered":"http:\/\/blogdoedvaldomagalhaes.com.br\/index.php\/2018\/02\/28\/hospital-municipal-casa-de-saude-bo\/"},"modified":"2019-02-09T02:04:10","modified_gmt":"2019-02-09T04:04:10","slug":"hospital-municipal-casa-de-saude-bo","status":"publish","type":"post","link":"https:\/\/blogdoedvaldomagalhaes.com.br\/index.php\/2018\/02\/28\/hospital-municipal-casa-de-saude-bo\/","title":{"rendered":"Hospital Municipal Casa de Sa\u00fade Bom Jesus em Caruaru reabre bloco cir\u00fargico"},"content":{"rendered":"<div class=\"separator\" style=\"clear: both; text-align: center;\">\n<\/div>\n<div class=\"separator\" style=\"clear: both; text-align: center;\">\n<a href=\"https:\/\/3.bp.blogspot.com\/--laVfRlVJLc\/WpaBP6s702I\/AAAAAAAArEw\/PgYEJ39IKBI8DYBU7pmTOcUEgj7EWMyxQCLcBGAs\/s1600\/casa.jpg\" imageanchor=\"1\" style=\"margin-left: 1em; margin-right: 1em;\"><img loading=\"lazy\" decoding=\"async\" border=\"0\" data-original-height=\"372\" data-original-width=\"620\" height=\"384\" src=\"http:\/\/blogdoedvaldomagalhaes.com.br\/wp-content\/uploads\/2018\/02\/casa.jpg\" width=\"640\" \/><\/a><\/div>\n<p><\/p>\n<div style=\"background-color: white; box-sizing: border-box; line-height: 24px; margin-bottom: 10px; text-align: justify;\">\nO bloco cir\u00fargico do Hospital Municipal Casa de Sa\u00fade Bom Jesus volta a atender a popula\u00e7\u00e3o nesta quarta-feira (28), a partir das 9h. O equipamento tinha sido fechado no dia 16 de janeiro devido a um problema na coberta e que repercutiu no teto de gesso do bloco.<\/div>\n<div style=\"background-color: white; box-sizing: border-box; line-height: 24px; margin-bottom: 10px; text-align: justify;\">\nO bloco cir\u00fargico teve o teto consertado, o piso readequado e houve uma manuten\u00e7\u00e3o geral do espa\u00e7o como um todo.<\/div>\n","protected":false},"excerpt":{"rendered":"<p>O bloco cir\u00fargico do Hospital Municipal Casa de Sa\u00fade Bom Jesus volta a atender a popula\u00e7\u00e3o nesta quarta-feira (28), a&hellip;<\/p>\n","protected":false},"author":1,"featured_media":0,"comment_status":"open","ping_status":"open","sticky":false,"template":"","format":"standard","meta":{"footnotes":""},"categories":[1],"tags":[2,3512,6],"class_list":["post-3134","post","type-post","status-publish","format-standard","hentry","category-sem-categoria","tag-blog-do-edvaldo-magalhaes","tag-hospital-municipal-casa-de-saude-bom-jesus-em-caruaru-reabre-bloco-cirurgico","tag-noticias"],"_links":{"self":[{"href":"https:\/\/blogdoedvaldomagalhaes.com.br\/index.php\/wp-json\/wp\/v2\/posts\/3134","targetHints":{"allow":["GET"]}}],"collection":[{"href":"https:\/\/blogdoedvaldomagalhaes.com.br\/index.php\/wp-json\/wp\/v2\/posts"}],"about":[{"href":"https:\/\/blogdoedvaldomagalhaes.com.br\/index.php\/wp-json\/wp\/v2\/types\/post"}],"author":[{"embeddable":true,"href":"https:\/\/blogdoedvaldomagalhaes.com.br\/index.php\/wp-json\/wp\/v2\/users\/1"}],"replies":[{"embeddable":true,"href":"https:\/\/blogdoedvaldomagalhaes.com.br\/index.php\/wp-json\/wp\/v2\/comments?post=3134"}],"version-history":[{"count":1,"href":"https:\/\/blogdoedvaldomagalhaes.com.br\/index.php\/wp-json\/wp\/v2\/posts\/3134\/revisions"}],"predecessor-version":[{"id":28736,"href":"https:\/\/blogdoedvaldomagalhaes.com.br\/index.php\/wp-json\/wp\/v2\/posts\/3134\/revisions\/28736"}],"wp:attachment":[{"href":"https:\/\/blogdoedvaldomagalhaes.com.br\/index.php\/wp-json\/wp\/v2\/media?parent=3134"}],"wp:term":[{"taxonomy":"category","embeddable":true,"href":"https:\/\/blogdoedvaldomagalhaes.com.br\/index.php\/wp-json\/wp\/v2\/categories?post=3134"},{"taxonomy":"post_tag","embeddable":true,"href":"https:\/\/blogdoedvaldomagalhaes.com.br\/index.php\/wp-json\/wp\/v2\/tags?post=3134"}],"curies":[{"name":"wp","href":"https:\/\/api.w.org\/{rel}","templated":true}]}}