{"id":3133,"date":"2018-02-28T17:19:00","date_gmt":"2018-02-28T20:19:00","guid":{"rendered":"http:\/\/blogdoedvaldomagalhaes.com.br\/index.php\/2018\/02\/28\/confira-o-calendario-de-abastecimento-6\/"},"modified":"2019-02-09T02:04:11","modified_gmt":"2019-02-09T04:04:11","slug":"confira-o-calendario-de-abastecimento-6","status":"publish","type":"post","link":"https:\/\/blogdoedvaldomagalhaes.com.br\/index.php\/2018\/02\/28\/confira-o-calendario-de-abastecimento-6\/","title":{"rendered":"Confira o calend\u00e1rio de abastecimento da Compesa  de mar\u00e7o em Caruaru"},"content":{"rendered":"<div class=\"separator\" style=\"clear: both; text-align: center;\">\n<a href=\"https:\/\/1.bp.blogspot.com\/-jIa-FVXxzKU\/WpbkdZYIfBI\/AAAAAAAArGQ\/lh1ppuoIvYgOTk-BUCNIh-qvGPfzEzhfwCLcBGAs\/s1600\/%25C3%25A1gua.jpeg\" imageanchor=\"1\" style=\"margin-left: 1em; margin-right: 1em;\"><img loading=\"lazy\" decoding=\"async\" border=\"0\" data-original-height=\"345\" data-original-width=\"610\" height=\"360\" src=\"http:\/\/blogdoedvaldomagalhaes.com.br\/wp-content\/uploads\/2018\/02\/C3A1gua.jpeg\" width=\"640\" \/><\/a><\/div>\n<div class=\"separator\" style=\"clear: both; text-align: center;\">\nFoto ilustrativa<\/div>\n<p><\/p>\n<div class=\"MsoNormal\" style=\"text-align: justify;\">\n<\/div>\n<div class=\"MsoNormal\" style=\"text-align: justify;\">\n<b>Nos dias 11, 12, 13, 14, 15 e 31:&nbsp;<\/b>Cidade Jardim, Salgado (Parte Baixa), Loteamento S\u00e3o Jos\u00e9,<br \/>\nCenten\u00e1rio, Divin\u00f3polis, Maur\u00edcio de Nassau, Universit\u00e1rio (Parte Baixa), S\u00e3o<br \/>\nFrancisco, Jos\u00e9 Liberato e Vila Agamenon<\/div>\n<div class=\"MsoNormal\" style=\"text-align: justify;\">\n<\/div>\n<div class=\"MsoNormal\" style=\"text-align: justify;\">\n<b>Nos dias 16, 17, 18, 19 e 20:&nbsp;<\/b>Nossa Senhora das Dores, Centro, Vassoural (Parte Baixa),<br \/>\nSanta Rosa (Parte Baixa), Indian\u00f3polis (Parte Baixa e Alta), Riach\u00e3o, Alto da<br \/>\nBalan\u00e7a, Petr\u00f3polis, Parque 18 de Maio, Jardim Liberdade (Alto da Banana),<br \/>\nResidencial Shopping, Favip, Pr\u00e9dios da Brapor, Inocoop, Cedro, Jardim dos<br \/>\nPinheiros, Monte Sinai, Encanto da Serra e Salgado (Parte Alta)<\/div>\n<div class=\"MsoNormal\" style=\"text-align: justify;\">\n<\/div>\n<div class=\"MsoNormal\" style=\"text-align: justify;\">\n<b>Nos dias 1\u00ba, 2, 3, 4, 5, 21, 22, 23, 24 e 25:&nbsp;<\/b>Parte Oeste de Caruaru 1: Maria Auxiliadora (parte baixa),<br \/>\nHosana, Vila do Aeroporto, Jos\u00e9 Carlos de Oliveira (parte baixa), Vila Padre<br \/>\nIn\u00e1cio, Vila Diocesano, Novo Mundo (parte baixa), Jo\u00e3o Barreto, Jo\u00e3o Mota, Vila<br \/>\nKennedy, Kennedy, Sol Poente, Caiuc\u00e1, Portal do Agreste, Posto Agamenon, S\u00edtio<br \/>\nCampos, Vila Cip\u00f3, Lagoa de Pedra, Mestre Vitalino, Alto do Moura Village,<br \/>\nResidencial Alto do Moura, Residencial Luiz Bezerra Torres l e ll, Bares (Alto<br \/>\ndo Moura), Alto das Sete Luas e Tcheguevara<\/div>\n<div class=\"MsoNormal\" style=\"text-align: justify;\">\n<\/div>\n<div class=\"MsoNormal\" style=\"text-align: justify;\">\nVila Fernando Lyra, Luiz Gonzaga, Polo Comercial, UFPE,<br \/>\nAlphaville, Hospital Mestre Vitalino, Parque da Cidade, Universit\u00e1rio (parte<br \/>\nalta), Portal do Sol, Jardim dos Coqueiros, Vassoural (parte alta),<br \/>\nRosan\u00f3polis, UPA, Parte do Petr\u00f3polis (ruas: 1\u00aaTV, 2\u00aaTV, 3\u00aaTV e Rua Prof\u00aa.<br \/>\nAdelia Leal, Manoel Lopes, Henrique Soares, Sta Catarina, Cristo Rei, Sanhar\u00f3,<br \/>\n2\u00aaTV Cicero Jos\u00e9 Dutra e Te\u00f3filo Otoni).<\/div>\n<div class=\"MsoNormal\" style=\"text-align: justify;\">\n<\/div>\n<div class=\"MsoNormal\" style=\"text-align: justify;\">\nVassoural (parte alta), Rosan\u00f3polis, UPA e Parte do<br \/>\nPetr\u00f3polis (Ruas: 1\u00aaTV, 2\u00aaTV, 3\u00aaTV e Rua Prof. Adelia Leal, Manoel Lopes,<br \/>\nHenrique Soares, Sta Catarina, Cristo Rei, Sanhar\u00f3, 2\u00aaTV Cicero Jos\u00e9 Dutra e<br \/>\nTe\u00f3filo Otoni), Cidade Alta: Adalgisa Nunes 1 e 2<\/div>\n<div class=\"MsoNormal\" style=\"text-align: justify;\">\n<\/div>\n<div class=\"MsoNormal\" style=\"text-align: justify;\">\n<b>Nos dias 6, 7, 8, 9, 10, 26, 27, 28, 29 e 30:&nbsp;<\/b>Residencial Alto do Moura, Vista Alegre, Parte Oeste de<br \/>\nCaruaru 2: Maria Auxiliadora (parte alta), Boa Vista I e II (Cohab 1 e 2), Tr\u00eas<br \/>\nBandeiras, Nova Caruaru, Jardim Panorama, Vila Andorinha, Caru\u00e1, Bara\u00fanas,<br \/>\nMandacaru, Novo Mundo (parte alta), Dem\u00f3stenes Veras, Jos\u00e9 Carlos de Oliveira<br \/>\n(parte alta), Ramiro de Souza, Jardim Boa Vista, Severino Afonso, Residencial<br \/>\nVit\u00f3ria, Parque Real, Residencial Ipojuca, Residencial Xique Xique, Santos Dumont,<br \/>\nJo\u00e3o Batista, Pinheir\u00f3polis (Vila dos Oficiais)<\/div>\n<div class=\"MsoNormal\" style=\"text-align: justify;\">\n<\/div>\n<div class=\"MsoNormal\" style=\"text-align: justify;\">\nRendeiras (Cohab III &#8211; parte alta), Loteamento Para\u00edso,<br \/>\nMorada Nova &#8211; (16, 17 e 18\/12), Serran\u00f3polis Rendeiras (parte baixa) &#8211; (18, 19<br \/>\ne 20\/12), S\u00e3o Jo\u00e3o da Esc\u00f3cia (parte baixa) &#8211; (16, 17 e 18\/12), Monte Carmelo,<br \/>\nLagoa do Algod\u00e3o, Quintas da Colina, S\u00e3o Jo\u00e3o da Esc\u00f3cia (parte alta) &#8211; (18, 19<br \/>\ne 20\/12)<\/div>\n<div class=\"MsoNormal\" style=\"text-align: justify;\">\n<\/div>\n<div class=\"MsoNormal\" style=\"text-align: justify;\">\nParte do Vassoural pr\u00f3ximo ao Pres\u00eddio (ruas no trecho entre<br \/>\nLuiz Gonzaga e Rua do Vassoural: Maria Tereza, Ivanildo Cordeiro de Souza, Jo\u00e3o<br \/>\nCordeiro de Souza, Maria Cordeiro de Miscena, Asa Branca, Travessa Henrique<br \/>\nSoares ruas: Comp. Luiz Gonzaga, Luiz Serafim de Souza, 1\u00aa, 2\u00aa e 3\u00aa TV Henrique<br \/>\nSoares Filadelfia A. da Costa, Juazeiro do Norte Todos os Santos, Rua do<br \/>\nVassoural 5\u00aa TV Alfredo Pinto (Goiana), Jos\u00e9 Nunes de Ara\u00fajo, Jos\u00e9 do<br \/>\nPatroc\u00ednio, Espirito Santo, Carlos Alexandre, Petrol\u00e2ndia, 5\u00aa TV do Vassoural,<br \/>\nNazar\u00e9 da Mata, Belmonte TV e Rua Imperial [acima da Bernardo Vieira de Melo],<br \/>\nEstrada de Campina, Luiz de Fran\u00e7a Pereira, Santa Rosa (parte alta), Vila<br \/>\nSerena, Campo Novo do Sul, Vila Campo Novo de Baixo e de Cima, SEST\/SENAT,<br \/>\nCidade Alta: Adalgisa Nunes 3 e 4, Residencial Wirton Lira<\/div>\n<div class=\"MsoNormal\" style=\"text-align: justify;\">\n<\/div>\n<div class=\"MsoNormal\" style=\"text-align: justify;\">\nO abastecimento do<b> Monte Bom Jesus<\/b> \u00e9 subdividido em<br \/>\n3 sub-setores onde s\u00e3o abastecidos 2 dias cada um. O abastecimento do local n\u00e3o<br \/>\nsofrer\u00e1 mudan\u00e7as, continuando 2 x 4.<\/div>\n<div class=\"MsoNormal\" style=\"text-align: justify;\">\n<\/div>\n<div class=\"MsoNormal\" style=\"text-align: justify;\">\n<b>Nos dias 1\u00ba, 2, 12, 13, 14, 15, 16, 26, 27, 28,<br \/>\n29 e 30:<\/b> Alto do Moura &#8211; Vila Nossa Senhora das Gra\u00e7as 1: C\u00edcero das Carro\u00e7as, Mestre Vitalino<br \/>\n2, Parte Alta<\/div>\n<div class=\"MsoNormal\" style=\"text-align: justify;\">\n<\/div>\n<div class=\"MsoNormal\" style=\"text-align: justify;\">\n<b>Nos dias 5, 6, 7, 8, 9, 19, 20, 21, 22 e 23:<\/b>&nbsp;Alto do Moura &#8211;<br \/>\nParte Baixa do Alto do Moura: Rua do Cemit\u00e9rio, Vila Nossa Senhora das Gra\u00e7as 2<\/div>\n<div class=\"MsoNormal\" style=\"text-align: justify;\">\n<\/div>\n<div class=\"MsoNormal\" style=\"text-align: justify;\">\n<b>Nos fins de semana no Alto do Moura<\/b> &#8211; Por tr\u00e1s dos bares: Rua<br \/>\nAnt\u00f4nio Vitalino, Rua da Elevat\u00f3ria (Rua Alto S\u00e3o Jos\u00e9)<\/div>\n<div style=\"text-align: justify;\">\n<\/div>\n","protected":false},"excerpt":{"rendered":"<p>Foto ilustrativa Nos dias 11, 12, 13, 14, 15 e 31:&nbsp;Cidade Jardim, Salgado (Parte Baixa), Loteamento S\u00e3o Jos\u00e9, Centen\u00e1rio, Divin\u00f3polis,&hellip;<\/p>\n","protected":false},"author":1,"featured_media":0,"comment_status":"open","ping_status":"open","sticky":false,"template":"","format":"standard","meta":{"footnotes":""},"categories":[1],"tags":[2,3511,6],"class_list":["post-3133","post","type-post","status-publish","format-standard","hentry","category-sem-categoria","tag-blog-do-edvaldo-magalhaes","tag-confira-o-calendario-de-abastecimento-da-compesa-de-marco-em-caruaru","tag-noticias"],"_links":{"self":[{"href":"https:\/\/blogdoedvaldomagalhaes.com.br\/index.php\/wp-json\/wp\/v2\/posts\/3133","targetHints":{"allow":["GET"]}}],"collection":[{"href":"https:\/\/blogdoedvaldomagalhaes.com.br\/index.php\/wp-json\/wp\/v2\/posts"}],"about":[{"href":"https:\/\/blogdoedvaldomagalhaes.com.br\/index.php\/wp-json\/wp\/v2\/types\/post"}],"author":[{"embeddable":true,"href":"https:\/\/blogdoedvaldomagalhaes.com.br\/index.php\/wp-json\/wp\/v2\/users\/1"}],"replies":[{"embeddable":true,"href":"https:\/\/blogdoedvaldomagalhaes.com.br\/index.php\/wp-json\/wp\/v2\/comments?post=3133"}],"version-history":[{"count":1,"href":"https:\/\/blogdoedvaldomagalhaes.com.br\/index.php\/wp-json\/wp\/v2\/posts\/3133\/revisions"}],"predecessor-version":[{"id":28738,"href":"https:\/\/blogdoedvaldomagalhaes.com.br\/index.php\/wp-json\/wp\/v2\/posts\/3133\/revisions\/28738"}],"wp:attachment":[{"href":"https:\/\/blogdoedvaldomagalhaes.com.br\/index.php\/wp-json\/wp\/v2\/media?parent=3133"}],"wp:term":[{"taxonomy":"category","embeddable":true,"href":"https:\/\/blogdoedvaldomagalhaes.com.br\/index.php\/wp-json\/wp\/v2\/categories?post=3133"},{"taxonomy":"post_tag","embeddable":true,"href":"https:\/\/blogdoedvaldomagalhaes.com.br\/index.php\/wp-json\/wp\/v2\/tags?post=3133"}],"curies":[{"name":"wp","href":"https:\/\/api.w.org\/{rel}","templated":true}]}}