{"id":3132,"date":"2018-02-28T17:29:00","date_gmt":"2018-02-28T20:29:00","guid":{"rendered":"http:\/\/blogdoedvaldomagalhaes.com.br\/index.php\/2018\/02\/28\/avo-acusado-de-estuprar-propria-neta-de\/"},"modified":"2019-02-09T02:04:11","modified_gmt":"2019-02-09T04:04:11","slug":"avo-acusado-de-estuprar-propria-neta-de","status":"publish","type":"post","link":"https:\/\/blogdoedvaldomagalhaes.com.br\/index.php\/2018\/02\/28\/avo-acusado-de-estuprar-propria-neta-de\/","title":{"rendered":"Av\u00f4 acusado de estuprar a pr\u00f3pria neta de 10 anos em Bezerros-PE"},"content":{"rendered":"<div class=\"separator\" style=\"clear: both; text-align: center;\">\n<a href=\"https:\/\/2.bp.blogspot.com\/-ryK3t6085Gs\/WpbmOIkc8vI\/AAAAAAAArGc\/h25ai2XuDtsWkfkMRZa62lOFXIIMNihmQCLcBGAs\/s1600\/idiso.jpg\" imageanchor=\"1\" style=\"margin-left: 1em; margin-right: 1em;\"><img loading=\"lazy\" decoding=\"async\" border=\"0\" data-original-height=\"452\" data-original-width=\"378\" height=\"640\" src=\"http:\/\/blogdoedvaldomagalhaes.com.br\/wp-content\/uploads\/2018\/02\/idiso.jpg\" width=\"530\" \/><\/a><\/div>\n<div class=\"MsoNormal\" style=\"background-color: white; border: 0px; box-sizing: border-box; margin: 0px; padding: 0px; text-align: justify; transition: all 0.3s ease-in-out; vertical-align: baseline;\">\n<\/div>\n<div class=\"MsoNormal\" style=\"background-color: white; border: 0px; box-sizing: border-box; margin: 0px; padding: 0px; text-align: justify; transition: all 0.3s ease-in-out; vertical-align: baseline;\">\nO idoso Adercon Mota de Lima,&nbsp;&nbsp;de 67 anos, foi preso nessa ter\u00e7a-feira (27) suspeito de estuprar a pr\u00f3pria neta, de 10 anos de idade, em Bezerros, no agreste pernambucano. De acordo com a Pol\u00edcia Civil, a m\u00e3e da v\u00edtima denunciou o caso em dezembro de 2017.<\/div>\n<div class=\"MsoNormal\" style=\"background-color: white; border: 0px; box-sizing: border-box; margin: 0px; padding: 0px; text-align: justify; transition: all 0.3s ease-in-out; vertical-align: baseline;\">\n<br style=\"box-sizing: border-box; transition: all 0.3s ease-in-out;\" \/><\/div>\n<div class=\"MsoNormal\" style=\"background-color: white; border: 0px; box-sizing: border-box; margin: 0px; padding: 0px; text-align: justify; transition: all 0.3s ease-in-out; vertical-align: baseline;\">\nO delegado Humberto Pimentel informou que n\u00e3o foi a primeira vez que o suspeito abusou da neta. &#8220;A menina disse \u00e0 m\u00e3e que o crime ocorria h\u00e1 um certo tempo. A v\u00edtima falou detalhes sobre o caso e foi acompanhada por um psic\u00f3logo&#8221;, disse.<\/div>\n<div class=\"MsoNormal\" style=\"background-color: white; border: 0px; box-sizing: border-box; margin: 0px; padding: 0px; text-align: justify; transition: all 0.3s ease-in-out; vertical-align: baseline;\">\n<br style=\"box-sizing: border-box; transition: all 0.3s ease-in-out;\" \/><\/div>\n<div class=\"MsoNormal\" style=\"background-color: white; border: 0px; box-sizing: border-box; margin: 0px; padding: 0px; text-align: justify; transition: all 0.3s ease-in-out; vertical-align: baseline;\">\nO idoso j\u00e1 est\u00e1 respondendo por um inqu\u00e9rito na Justi\u00e7a e foi levado para a Delegacia de Pol\u00edcia Civil para prestar esclarecimentos. Em seguida, ele foi encaminhado para a Cadeia P\u00fablica de Bezerros.&nbsp;<\/div>\n","protected":false},"excerpt":{"rendered":"<p>O idoso Adercon Mota de Lima,&nbsp;&nbsp;de 67 anos, foi preso nessa ter\u00e7a-feira (27) suspeito de estuprar a pr\u00f3pria neta, de&hellip;<\/p>\n","protected":false},"author":1,"featured_media":0,"comment_status":"open","ping_status":"open","sticky":false,"template":"","format":"standard","meta":{"footnotes":""},"categories":[1],"tags":[3509,2,3510,13],"class_list":["post-3132","post","type-post","status-publish","format-standard","hentry","category-sem-categoria","tag-avo-acusado-de-estuprar-a-propria-neta-de-10-anos-em-bezerros-pe","tag-blog-do-edvaldo-magalhaes","tag-delegado-humberto-pimentel","tag-policial"],"_links":{"self":[{"href":"https:\/\/blogdoedvaldomagalhaes.com.br\/index.php\/wp-json\/wp\/v2\/posts\/3132","targetHints":{"allow":["GET"]}}],"collection":[{"href":"https:\/\/blogdoedvaldomagalhaes.com.br\/index.php\/wp-json\/wp\/v2\/posts"}],"about":[{"href":"https:\/\/blogdoedvaldomagalhaes.com.br\/index.php\/wp-json\/wp\/v2\/types\/post"}],"author":[{"embeddable":true,"href":"https:\/\/blogdoedvaldomagalhaes.com.br\/index.php\/wp-json\/wp\/v2\/users\/1"}],"replies":[{"embeddable":true,"href":"https:\/\/blogdoedvaldomagalhaes.com.br\/index.php\/wp-json\/wp\/v2\/comments?post=3132"}],"version-history":[{"count":1,"href":"https:\/\/blogdoedvaldomagalhaes.com.br\/index.php\/wp-json\/wp\/v2\/posts\/3132\/revisions"}],"predecessor-version":[{"id":28740,"href":"https:\/\/blogdoedvaldomagalhaes.com.br\/index.php\/wp-json\/wp\/v2\/posts\/3132\/revisions\/28740"}],"wp:attachment":[{"href":"https:\/\/blogdoedvaldomagalhaes.com.br\/index.php\/wp-json\/wp\/v2\/media?parent=3132"}],"wp:term":[{"taxonomy":"category","embeddable":true,"href":"https:\/\/blogdoedvaldomagalhaes.com.br\/index.php\/wp-json\/wp\/v2\/categories?post=3132"},{"taxonomy":"post_tag","embeddable":true,"href":"https:\/\/blogdoedvaldomagalhaes.com.br\/index.php\/wp-json\/wp\/v2\/tags?post=3132"}],"curies":[{"name":"wp","href":"https:\/\/api.w.org\/{rel}","templated":true}]}}