{"id":3131,"date":"2018-02-28T20:53:00","date_gmt":"2018-02-28T23:53:00","guid":{"rendered":"http:\/\/blogdoedvaldomagalhaes.com.br\/index.php\/2018\/02\/28\/morre-no-hra-policial-aposentado\/"},"modified":"2019-02-09T02:04:12","modified_gmt":"2019-02-09T04:04:12","slug":"morre-no-hra-policial-aposentado","status":"publish","type":"post","link":"https:\/\/blogdoedvaldomagalhaes.com.br\/index.php\/2018\/02\/28\/morre-no-hra-policial-aposentado\/","title":{"rendered":"Morre no HRA policial aposentado baleado em Toritama"},"content":{"rendered":"<div class=\"separator\" style=\"clear: both; text-align: center;\">\n<\/div>\n<div class=\"separator\" style=\"clear: both; text-align: center;\">\n<a href=\"https:\/\/1.bp.blogspot.com\/-fJlexCoWLsw\/WpcZHpKnx5I\/AAAAAAAArHE\/JEgBHBZY1oM7hpzp7ZHRcTaD3IYtbUONQCLcBGAs\/s1600\/pm.jpg\" imageanchor=\"1\" style=\"margin-left: 1em; margin-right: 1em;\"><img loading=\"lazy\" decoding=\"async\" border=\"0\" data-original-height=\"244\" data-original-width=\"179\" height=\"640\" src=\"http:\/\/blogdoedvaldomagalhaes.com.br\/wp-content\/uploads\/2018\/02\/pm-5.jpg\" width=\"466\" \/><\/a><\/div>\n<div class=\"separator\" style=\"clear: both; text-align: center;\">\n<\/div>\n<div class=\"separator\" style=\"clear: both; text-align: justify;\">\nMorreu nesta quarta-feira (28), na Unidade de Terapia Intensiva (UTI) do Hospital Regional do Agreste (HRA), em Caruaru, o policial aposentado Jos\u00e9 Galdino da Silva, de 57 anos de idade, que foi alvejado por disparos de arma de fogo no \u00faltimo s\u00e1bado (24), em Toritama, crime praticado por dois indiv\u00edduos que estavam em uma motocicleta Honda Bros.<\/div>\n","protected":false},"excerpt":{"rendered":"<p>Morreu nesta quarta-feira (28), na Unidade de Terapia Intensiva (UTI) do Hospital Regional do Agreste (HRA), em Caruaru, o policial&hellip;<\/p>\n","protected":false},"author":1,"featured_media":0,"comment_status":"open","ping_status":"open","sticky":false,"template":"","format":"standard","meta":{"footnotes":""},"categories":[1],"tags":[2,3508,13],"class_list":["post-3131","post","type-post","status-publish","format-standard","hentry","category-sem-categoria","tag-blog-do-edvaldo-magalhaes","tag-morre-no-hra-policial-aposentado-baleado-em-toritama","tag-policial"],"_links":{"self":[{"href":"https:\/\/blogdoedvaldomagalhaes.com.br\/index.php\/wp-json\/wp\/v2\/posts\/3131","targetHints":{"allow":["GET"]}}],"collection":[{"href":"https:\/\/blogdoedvaldomagalhaes.com.br\/index.php\/wp-json\/wp\/v2\/posts"}],"about":[{"href":"https:\/\/blogdoedvaldomagalhaes.com.br\/index.php\/wp-json\/wp\/v2\/types\/post"}],"author":[{"embeddable":true,"href":"https:\/\/blogdoedvaldomagalhaes.com.br\/index.php\/wp-json\/wp\/v2\/users\/1"}],"replies":[{"embeddable":true,"href":"https:\/\/blogdoedvaldomagalhaes.com.br\/index.php\/wp-json\/wp\/v2\/comments?post=3131"}],"version-history":[{"count":1,"href":"https:\/\/blogdoedvaldomagalhaes.com.br\/index.php\/wp-json\/wp\/v2\/posts\/3131\/revisions"}],"predecessor-version":[{"id":28742,"href":"https:\/\/blogdoedvaldomagalhaes.com.br\/index.php\/wp-json\/wp\/v2\/posts\/3131\/revisions\/28742"}],"wp:attachment":[{"href":"https:\/\/blogdoedvaldomagalhaes.com.br\/index.php\/wp-json\/wp\/v2\/media?parent=3131"}],"wp:term":[{"taxonomy":"category","embeddable":true,"href":"https:\/\/blogdoedvaldomagalhaes.com.br\/index.php\/wp-json\/wp\/v2\/categories?post=3131"},{"taxonomy":"post_tag","embeddable":true,"href":"https:\/\/blogdoedvaldomagalhaes.com.br\/index.php\/wp-json\/wp\/v2\/tags?post=3131"}],"curies":[{"name":"wp","href":"https:\/\/api.w.org\/{rel}","templated":true}]}}