{"id":3130,"date":"2018-02-28T21:08:00","date_gmt":"2018-03-01T00:08:00","guid":{"rendered":"http:\/\/blogdoedvaldomagalhaes.com.br\/index.php\/2018\/02\/28\/secretaria-de-justica-registra-aumento\/"},"modified":"2019-02-09T02:04:12","modified_gmt":"2019-02-09T04:04:12","slug":"secretaria-de-justica-registra-aumento","status":"publish","type":"post","link":"https:\/\/blogdoedvaldomagalhaes.com.br\/index.php\/2018\/02\/28\/secretaria-de-justica-registra-aumento\/","title":{"rendered":"Secretaria de Justi\u00e7a registra aumento de den\u00fancias relacionadas \u00e0 intoler\u00e2ncia religiosa"},"content":{"rendered":"<div class=\"MsoNormal\" style=\"background-color: white; color: #222222; line-height: 16.8667px; margin: 0cm 0cm 10pt; text-align: justify;\">\n<\/div>\n<div class=\"separator\" style=\"clear: both; text-align: center;\">\n<a href=\"https:\/\/1.bp.blogspot.com\/-akFTj4w2CbQ\/WpcaNFOVVDI\/AAAAAAAArHM\/f6T-7eQAMvcFBDg4FVswoqiSvLzbWUMxQCLcBGAs\/s1600\/ela.jpg\" imageanchor=\"1\" style=\"margin-left: 1em; margin-right: 1em;\"><img loading=\"lazy\" decoding=\"async\" border=\"0\" data-original-height=\"310\" data-original-width=\"448\" height=\"442\" src=\"http:\/\/blogdoedvaldomagalhaes.com.br\/wp-content\/uploads\/2018\/02\/ela.jpg\" width=\"640\" \/><\/a><\/div>\n<div class=\"MsoNormal\" style=\"text-align: justify;\">\n<\/div>\n<div class=\"MsoNormal\" style=\"text-align: justify;\">\nA Secretaria de Justi\u00e7a e<br \/>\nDireitos Humanos (SJDH), atrav\u00e9s da Coordenadoria de Igualdade Racial,<br \/>\nregistrou um aumento de 800% no n\u00famero de den\u00fancias contra intoler\u00e2ncia<br \/>\nreligiosa em compara\u00e7\u00e3o a todo ano de 2017. S\u00f3 esse ano, j\u00e1 foram<br \/>\ncontabilizadas 16 manifesta\u00e7\u00f5es, contra duas do ano passado.<\/div>\n<div class=\"MsoNormal\" style=\"text-align: justify;\">\n<\/div>\n<div class=\"MsoNormal\" style=\"text-align: justify;\">\nDe acordo com a Lei n\u00ba<br \/>\n9.459, \u00e9 assegurado a todos os brasileiros o \u201clivre exerc\u00edcio de cultos<br \/>\nreligiosos e tendo garantida a prote\u00e7\u00e3o aos seus locais de culto e \u00e0s suas<br \/>\nliturgias\u201d. No entanto, o teor das den\u00fancias s\u00e3o relatos de discrimina\u00e7\u00e3o,<br \/>\nxingamentos e discurso de \u00f3dio que violam a liberdade religiosa. As<br \/>\nmanifesta\u00e7\u00f5es s\u00e3o encaminhadas \u00e0 Pol\u00edcia e ao Minist\u00e9rio P\u00fablico.<\/div>\n<div class=\"MsoNormal\" style=\"text-align: justify;\">\n<\/div>\n<div class=\"MsoNormal\" style=\"text-align: justify;\">\n\u201dDevido ao acumulo de tantas<br \/>\nviola\u00e7\u00f5es cometidas, as pessoas est\u00e3o mais encorajadas a fazer a den\u00fancia,<br \/>\nporque o pr\u00f3prio estado coloca que temos a obrigatoriedade de cumprir essa lei<br \/>\ne tem ouvido mais essas pessoas que sofrem essas viola\u00e7\u00f5es\u201d, frisou a t\u00e9cnica<br \/>\nem Pol\u00edticas para Segmentos Sociais, M\u00e3e Elza.<\/div>\n<div class=\"MsoNormal\" style=\"text-align: justify;\">\n<\/div>\n<div class=\"MsoNormal\" style=\"text-align: justify;\">\nA Coordenadoria&nbsp; de Igualdade Racial \u00e9 um \u00f3rg\u00e3o da Secretaria<br \/>\nExecutiva de Segmentos Sociais (Seses) respons\u00e1vel pela promo\u00e7\u00e3o, formula\u00e7\u00e3o,<br \/>\ncoordena\u00e7\u00e3o e avalia\u00e7\u00e3o das pol\u00edticas p\u00fablicas de&nbsp; igualdade racial no Estado, povos e<br \/>\ncomunidades tradicionais e demais grupos \u00e9tnicos que sofrem discrimina\u00e7\u00e3o e<br \/>\noutras formas de intoler\u00e2ncia.<\/div>\n<div class=\"MsoNormal\" style=\"text-align: justify;\">\n<\/div>\n<div class=\"MsoNormal\" style=\"text-align: justify;\">\nA SJDH lembra que o trabalho<br \/>\nem prote\u00e7\u00e3o \u00e0 liberdade de culto e liturgia, aos direitos do consumidor,<br \/>\ncomunidade LGBT, igualdade racial e pessoa idosa \u00e9 realizado diariamente e que<br \/>\ncasos de viola\u00e7\u00f5es podem ser denunciados anonimamente, atrav\u00e9s da ouvidoria do<br \/>\n\u00f3rg\u00e3o pelo telefone 81 3182-7607, pelo site do \u00f3rg\u00e3o (www.sjdh.pe.gov.br), ou<br \/>\npessoalmente na sede da secretaria, localizada na Pra\u00e7a do Arsenal, no bairro<br \/>\ndo Recife.<\/div>\n<div class=\"MsoNormal\" style=\"text-align: justify;\">\n<\/div>\n<div class=\"MsoNormal\" style=\"text-align: justify;\">\n<\/div>\n<div class=\"MsoNormal\" style=\"text-align: justify;\">\nTexto: Aur\u00e9lio Duvivier<\/div>\n<p><\/p>\n","protected":false},"excerpt":{"rendered":"<p>A Secretaria de Justi\u00e7a e Direitos Humanos (SJDH), atrav\u00e9s da Coordenadoria de Igualdade Racial, registrou um aumento de 800% no&hellip;<\/p>\n","protected":false},"author":1,"featured_media":0,"comment_status":"open","ping_status":"open","sticky":false,"template":"","format":"standard","meta":{"footnotes":""},"categories":[1],"tags":[2,6,3507],"class_list":["post-3130","post","type-post","status-publish","format-standard","hentry","category-sem-categoria","tag-blog-do-edvaldo-magalhaes","tag-noticias","tag-secretaria-de-justica-registra-aumento-de-denuncias-relacionadas-a-intolerancia-religiosa"],"_links":{"self":[{"href":"https:\/\/blogdoedvaldomagalhaes.com.br\/index.php\/wp-json\/wp\/v2\/posts\/3130","targetHints":{"allow":["GET"]}}],"collection":[{"href":"https:\/\/blogdoedvaldomagalhaes.com.br\/index.php\/wp-json\/wp\/v2\/posts"}],"about":[{"href":"https:\/\/blogdoedvaldomagalhaes.com.br\/index.php\/wp-json\/wp\/v2\/types\/post"}],"author":[{"embeddable":true,"href":"https:\/\/blogdoedvaldomagalhaes.com.br\/index.php\/wp-json\/wp\/v2\/users\/1"}],"replies":[{"embeddable":true,"href":"https:\/\/blogdoedvaldomagalhaes.com.br\/index.php\/wp-json\/wp\/v2\/comments?post=3130"}],"version-history":[{"count":1,"href":"https:\/\/blogdoedvaldomagalhaes.com.br\/index.php\/wp-json\/wp\/v2\/posts\/3130\/revisions"}],"predecessor-version":[{"id":28744,"href":"https:\/\/blogdoedvaldomagalhaes.com.br\/index.php\/wp-json\/wp\/v2\/posts\/3130\/revisions\/28744"}],"wp:attachment":[{"href":"https:\/\/blogdoedvaldomagalhaes.com.br\/index.php\/wp-json\/wp\/v2\/media?parent=3130"}],"wp:term":[{"taxonomy":"category","embeddable":true,"href":"https:\/\/blogdoedvaldomagalhaes.com.br\/index.php\/wp-json\/wp\/v2\/categories?post=3130"},{"taxonomy":"post_tag","embeddable":true,"href":"https:\/\/blogdoedvaldomagalhaes.com.br\/index.php\/wp-json\/wp\/v2\/tags?post=3130"}],"curies":[{"name":"wp","href":"https:\/\/api.w.org\/{rel}","templated":true}]}}