{"id":3129,"date":"2018-03-01T01:10:00","date_gmt":"2018-03-01T04:10:00","guid":{"rendered":"http:\/\/blogdoedvaldomagalhaes.com.br\/index.php\/2018\/03\/01\/feriado-da-data-magna-de-pernambuco-e\/"},"modified":"2019-02-09T02:04:13","modified_gmt":"2019-02-09T04:04:13","slug":"feriado-da-data-magna-de-pernambuco-e","status":"publish","type":"post","link":"https:\/\/blogdoedvaldomagalhaes.com.br\/index.php\/2018\/03\/01\/feriado-da-data-magna-de-pernambuco-e\/","title":{"rendered":"Feriado da Data Magna de Pernambuco \u00e9 alvo de cr\u00edticas de empres\u00e1rios em Caruaru"},"content":{"rendered":"<div class=\"separator\" style=\"clear: both; text-align: center;\">\n<a href=\"https:\/\/1.bp.blogspot.com\/-gKaFWuUdCPo\/WpdTFjCYTVI\/AAAAAAAArHc\/q3MNLLHdjY4-m7gLXx5sklYY5kcY2_7IQCLcBGAs\/s1600\/cdl.jpg\" imageanchor=\"1\" style=\"margin-left: 1em; margin-right: 1em;\"><img loading=\"lazy\" decoding=\"async\" border=\"0\" data-original-height=\"512\" data-original-width=\"768\" height=\"426\" src=\"http:\/\/blogdoedvaldomagalhaes.com.br\/wp-content\/uploads\/2018\/03\/cdl.jpg\" width=\"640\" \/><\/a><\/div>\n<div style=\"background-color: white; box-sizing: border-box; line-height: 24px; margin-bottom: 10px; text-align: justify;\">\n<\/div>\n<div style=\"background-color: white; box-sizing: border-box; line-height: 24px; margin-bottom: 10px; text-align: justify;\">\nO novo feriado estadual, comemorado em 6 de mar\u00e7o, foi alvo de cr\u00edticas dos empres\u00e1rios de Caruaru. A Data Magna de Pernambuco, que passa, efetivamente a ser comemorada em 2018, \u00e9 vista com preocupa\u00e7\u00e3o pelos lojistas da cidade. A data marca o in\u00edcio da Revolu\u00e7\u00e3o Pernambucana de 1817, considerada pelos historiadores como primeiro ato em busca da Independ\u00eancia do Brasil.<\/div>\n<div style=\"background-color: white; box-sizing: border-box; line-height: 24px; margin-bottom: 10px; text-align: justify;\">\nApesar de ser um dia festivo e lembrar um fato importante da hist\u00f3ria, o presidente da C\u00e2mara de Dirigentes Lojistas (CDL), Adjar Soares, afirma que o novo feriado vai trazer preju\u00edzos ao com\u00e9rcio. \u201cVivemos um momento de dificuldades e a economia passar a dar sinais de recupera\u00e7\u00e3o. Com mais um feriado, podemos afirmar que prejudica as lojas\u201d, disse.<\/div>\n<div style=\"background-color: white; box-sizing: border-box; line-height: 24px; margin-bottom: 10px; text-align: justify;\">\nAinda de acordo com Adjar, devido a ser a primeira vez que o feriado vai ser comemorado n\u00e3o tem como medir o impacto, mas pelo fato do dia ser a ter\u00e7a, sempre com intensa movimenta\u00e7\u00e3o, n\u00e3o ser\u00e1 bom para os lojistas. \u201cO come\u00e7o do m\u00eas \u00e9 sempre de movimenta\u00e7\u00e3o, as pessoas recebem os sal\u00e1rios e est\u00e3o dispostas a consumir. N\u00e3o \u00e9 apenas o com\u00e9rcio que fecha, mas tamb\u00e9m ind\u00fastria e bancos. Ser\u00e1 uma data cujo preju\u00edzo n\u00e3o tem como recuperar depois\u201d, avalia.<\/div>\n<div style=\"background-color: white; box-sizing: border-box; line-height: 24px; margin-bottom: 10px; text-align: justify;\">\n<strong style=\"box-sizing: border-box;\">Abertura<\/strong><\/div>\n<div style=\"background-color: white; box-sizing: border-box; line-height: 24px; margin-bottom: 10px; text-align: justify;\">\nO Sindicato dos Lojistas do Com\u00e9rcio de Caruaru (Sindloja) informou que o com\u00e9rcio tradicional e os centros de compras (shoppings, F\u00e1brica da Moda e Polo Caruaru) podem funcionar no dia 6 de mar\u00e7o. No entanto, o lojista dever\u00e1 fazer a solicita\u00e7\u00e3o at\u00e9 o dia 1\u00ba de mar\u00e7o, ao Sindloja e ao Sindecc, enviando comunicado contendo a rela\u00e7\u00e3o dos empregados que ir\u00e3o trabalhar no feriado, acompanhando as datas das respectivas folgas contempladas no prazo de 30 dias. Os funcion\u00e1rios que trabalharem no feriado ter\u00e3o ajuda de custo no valor m\u00ednimo de R$ 45 reais.<\/div>\n","protected":false},"excerpt":{"rendered":"<p>O novo feriado estadual, comemorado em 6 de mar\u00e7o, foi alvo de cr\u00edticas dos empres\u00e1rios de Caruaru. A Data Magna&hellip;<\/p>\n","protected":false},"author":1,"featured_media":0,"comment_status":"open","ping_status":"open","sticky":false,"template":"","format":"standard","meta":{"footnotes":""},"categories":[1],"tags":[2,3506,6],"class_list":["post-3129","post","type-post","status-publish","format-standard","hentry","category-sem-categoria","tag-blog-do-edvaldo-magalhaes","tag-feriado-da-data-magna-de-pernambuco-e-alvo-de-criticas-de-empresarios-em-caruaru","tag-noticias"],"_links":{"self":[{"href":"https:\/\/blogdoedvaldomagalhaes.com.br\/index.php\/wp-json\/wp\/v2\/posts\/3129","targetHints":{"allow":["GET"]}}],"collection":[{"href":"https:\/\/blogdoedvaldomagalhaes.com.br\/index.php\/wp-json\/wp\/v2\/posts"}],"about":[{"href":"https:\/\/blogdoedvaldomagalhaes.com.br\/index.php\/wp-json\/wp\/v2\/types\/post"}],"author":[{"embeddable":true,"href":"https:\/\/blogdoedvaldomagalhaes.com.br\/index.php\/wp-json\/wp\/v2\/users\/1"}],"replies":[{"embeddable":true,"href":"https:\/\/blogdoedvaldomagalhaes.com.br\/index.php\/wp-json\/wp\/v2\/comments?post=3129"}],"version-history":[{"count":1,"href":"https:\/\/blogdoedvaldomagalhaes.com.br\/index.php\/wp-json\/wp\/v2\/posts\/3129\/revisions"}],"predecessor-version":[{"id":28746,"href":"https:\/\/blogdoedvaldomagalhaes.com.br\/index.php\/wp-json\/wp\/v2\/posts\/3129\/revisions\/28746"}],"wp:attachment":[{"href":"https:\/\/blogdoedvaldomagalhaes.com.br\/index.php\/wp-json\/wp\/v2\/media?parent=3129"}],"wp:term":[{"taxonomy":"category","embeddable":true,"href":"https:\/\/blogdoedvaldomagalhaes.com.br\/index.php\/wp-json\/wp\/v2\/categories?post=3129"},{"taxonomy":"post_tag","embeddable":true,"href":"https:\/\/blogdoedvaldomagalhaes.com.br\/index.php\/wp-json\/wp\/v2\/tags?post=3129"}],"curies":[{"name":"wp","href":"https:\/\/api.w.org\/{rel}","templated":true}]}}