{"id":3128,"date":"2018-03-01T01:13:00","date_gmt":"2018-03-01T04:13:00","guid":{"rendered":"http:\/\/blogdoedvaldomagalhaes.com.br\/index.php\/2018\/03\/01\/ministerio-publico-federal-participa-de\/"},"modified":"2019-02-09T02:04:13","modified_gmt":"2019-02-09T04:04:13","slug":"ministerio-publico-federal-participa-de","status":"publish","type":"post","link":"https:\/\/blogdoedvaldomagalhaes.com.br\/index.php\/2018\/03\/01\/ministerio-publico-federal-participa-de\/","title":{"rendered":"Minist\u00e9rio P\u00fablico Federal participa de audi\u00eancia para discutir obras de adequa\u00e7\u00e3o da Barragem de Jucazinho"},"content":{"rendered":"<div class=\"separator\" style=\"clear: both; text-align: center;\">\n<a href=\"https:\/\/1.bp.blogspot.com\/-kRj43KAhhOY\/WpdTkPw9VmI\/AAAAAAAArHg\/lJ4AaweEKnAIBtVogkZmk_xZAoM8B6bzgCLcBGAs\/s1600\/compesa.jpg\" imageanchor=\"1\" style=\"margin-left: 1em; margin-right: 1em;\"><img loading=\"lazy\" decoding=\"async\" border=\"0\" data-original-height=\"574\" data-original-width=\"1024\" height=\"354\" src=\"http:\/\/blogdoedvaldomagalhaes.com.br\/wp-content\/uploads\/2018\/03\/compesa.jpg\" width=\"640\" \/><\/a><\/div>\n<div class=\"separator\" style=\"clear: both; text-align: center;\">\nFoto: Compesa\/Divulga\u00e7\u00e3o<\/div>\n<div style=\"background-color: white; box-sizing: border-box; line-height: 24px; margin-bottom: 10px; text-align: justify;\">\n<\/div>\n<div style=\"background-color: white; box-sizing: border-box; line-height: 24px; margin-bottom: 10px; text-align: justify;\">\nO Minist\u00e9rio P\u00fablico Federal (MPF) em Caruaru participou de audi\u00eancia de concilia\u00e7\u00e3o, na Justi\u00e7a Federal, para discutir a realiza\u00e7\u00e3o das obras necess\u00e1rias para garantir a seguran\u00e7a da Barragem de Jucazinho, localizada no munic\u00edpio de Surubim, no Agreste pernambucano. O objetivo \u00e9 evitar a possibilidade de rompimento da barragem em per\u00edodo de chuvas intensas, por conta de problemas estruturais existentes.<\/div>\n<div style=\"background-color: white; box-sizing: border-box; line-height: 24px; margin-bottom: 10px; text-align: justify;\">\nAl\u00e9m do procurador da Rep\u00fablica Luiz Ant\u00f4nio Miranda de Amorim Silva, que acompanha o caso, tamb\u00e9m participaram da audi\u00eancia integrantes da Advocacia-Geral da Uni\u00e3o, Departamento Nacional de Obras Contra as Secas (Dnocs) e Minist\u00e9rio da Integra\u00e7\u00e3o Nacional.<\/div>\n<div style=\"background-color: white; box-sizing: border-box; line-height: 24px; margin-bottom: 10px; text-align: justify;\">\nO MPF havia expedido recomenda\u00e7\u00f5es para que o Dnocs iniciasse as obras de recupera\u00e7\u00e3o e adequa\u00e7\u00e3o da represa, al\u00e9m de apresentar plano de emerg\u00eancia da barragem, que deveria contemplar as a\u00e7\u00f5es a serem executadas pela autarquia em situa\u00e7\u00f5es de risco de trag\u00e9dias. Tamb\u00e9m havia sido estabelecido prazo para elabora\u00e7\u00e3o de cronograma de execu\u00e7\u00e3o das medidas necess\u00e1rias para recupera\u00e7\u00e3o e adequa\u00e7\u00e3o da barragem.<\/div>\n<div style=\"background-color: white; box-sizing: border-box; line-height: 24px; margin-bottom: 10px; text-align: justify;\">\nA partir das recomenda\u00e7\u00f5es do MPF, foram realizadas obras de recupera\u00e7\u00e3o, conclu\u00eddas no ano passado. No entanto, as obras complementares necess\u00e1rias n\u00e3o haviam sido iniciadas nem os recursos haviam sido assegurados pela Uni\u00e3o. O MPF ajuizou medida, em dezembro do ano passado, para que a Justi\u00e7a determinasse a garantia dos recursos, atualiza\u00e7\u00e3o das planilhas, abertura de licita\u00e7\u00e3o e apresenta\u00e7\u00e3o de cronograma.<\/div>\n<div style=\"background-color: white; box-sizing: border-box; line-height: 24px; margin-bottom: 10px; text-align: justify;\">\nEm reuni\u00e3o realizada em Bras\u00edlia, tamb\u00e9m em dezembro de 2017, na sede da Procuradoria-Geral da Rep\u00fablica, o Minist\u00e9rio da Integra\u00e7\u00e3o Nacional esclareceu que os recursos estavam assegurados. Na audi\u00eancia da ter\u00e7a-feira (27), o Dnocs informou que o processo licitat\u00f3rio para as obras est\u00e1 em curso, j\u00e1 tendo inclusive colhido propostas dos licitantes, apontando a expectativa de in\u00edcio das obras em meados de abril\/2018, com dura\u00e7\u00e3o de aproximadamente 12 meses.<\/div>\n<div style=\"background-color: white; box-sizing: border-box; line-height: 24px; margin-bottom: 10px; text-align: justify;\">\nSuspens\u00e3o \u2013&nbsp;Por acordo entra as partes e o MPF, o processo foi suspenso at\u00e9 maio de 2019, enquanto se espera a conclus\u00e3o da licita\u00e7\u00e3o e das obras. Nesse per\u00edodo, o Dnocs fica obrigado a prestar informa\u00e7\u00f5es ao MPF sobre o andamento dos certames e das obras, para garantir que a barragem seja devidamente reformada oferecendo um grau necess\u00e1rio de seguran\u00e7a.<\/div>\n","protected":false},"excerpt":{"rendered":"<p>Foto: Compesa\/Divulga\u00e7\u00e3o O Minist\u00e9rio P\u00fablico Federal (MPF) em Caruaru participou de audi\u00eancia de concilia\u00e7\u00e3o, na Justi\u00e7a Federal, para discutir a&hellip;<\/p>\n","protected":false},"author":1,"featured_media":0,"comment_status":"open","ping_status":"open","sticky":false,"template":"","format":"standard","meta":{"footnotes":""},"categories":[1],"tags":[2,3505,6],"class_list":["post-3128","post","type-post","status-publish","format-standard","hentry","category-sem-categoria","tag-blog-do-edvaldo-magalhaes","tag-ministerio-publico-federal-participa-de-audiencia-para-discutir-obras-de-adequacao-da-barragem-de-jucazinho","tag-noticias"],"_links":{"self":[{"href":"https:\/\/blogdoedvaldomagalhaes.com.br\/index.php\/wp-json\/wp\/v2\/posts\/3128","targetHints":{"allow":["GET"]}}],"collection":[{"href":"https:\/\/blogdoedvaldomagalhaes.com.br\/index.php\/wp-json\/wp\/v2\/posts"}],"about":[{"href":"https:\/\/blogdoedvaldomagalhaes.com.br\/index.php\/wp-json\/wp\/v2\/types\/post"}],"author":[{"embeddable":true,"href":"https:\/\/blogdoedvaldomagalhaes.com.br\/index.php\/wp-json\/wp\/v2\/users\/1"}],"replies":[{"embeddable":true,"href":"https:\/\/blogdoedvaldomagalhaes.com.br\/index.php\/wp-json\/wp\/v2\/comments?post=3128"}],"version-history":[{"count":1,"href":"https:\/\/blogdoedvaldomagalhaes.com.br\/index.php\/wp-json\/wp\/v2\/posts\/3128\/revisions"}],"predecessor-version":[{"id":28748,"href":"https:\/\/blogdoedvaldomagalhaes.com.br\/index.php\/wp-json\/wp\/v2\/posts\/3128\/revisions\/28748"}],"wp:attachment":[{"href":"https:\/\/blogdoedvaldomagalhaes.com.br\/index.php\/wp-json\/wp\/v2\/media?parent=3128"}],"wp:term":[{"taxonomy":"category","embeddable":true,"href":"https:\/\/blogdoedvaldomagalhaes.com.br\/index.php\/wp-json\/wp\/v2\/categories?post=3128"},{"taxonomy":"post_tag","embeddable":true,"href":"https:\/\/blogdoedvaldomagalhaes.com.br\/index.php\/wp-json\/wp\/v2\/tags?post=3128"}],"curies":[{"name":"wp","href":"https:\/\/api.w.org\/{rel}","templated":true}]}}