{"id":3127,"date":"2018-03-01T01:16:00","date_gmt":"2018-03-01T04:16:00","guid":{"rendered":"http:\/\/blogdoedvaldomagalhaes.com.br\/index.php\/2018\/03\/01\/pms-recuperam-carro-roubado-e-prende\/"},"modified":"2019-02-09T02:04:15","modified_gmt":"2019-02-09T04:04:15","slug":"pms-recuperam-carro-roubado-e-prende","status":"publish","type":"post","link":"https:\/\/blogdoedvaldomagalhaes.com.br\/index.php\/2018\/03\/01\/pms-recuperam-carro-roubado-e-prende\/","title":{"rendered":"PMs recuperam carro roubado e prendem dois homens em Caruaru"},"content":{"rendered":"<div class=\"separator\" style=\"clear: both; text-align: center;\">\n<a href=\"https:\/\/4.bp.blogspot.com\/-z5REj_er2iM\/WpdUHS5FfeI\/AAAAAAAArHs\/nCa4pKXWlDAVwgJOB9W8ETDKy4zmtYR0QCLcBGAs\/s1600\/carro.jpg\" imageanchor=\"1\" style=\"margin-left: 1em; margin-right: 1em;\"><img loading=\"lazy\" decoding=\"async\" border=\"0\" data-original-height=\"392\" data-original-width=\"696\" height=\"360\" src=\"http:\/\/blogdoedvaldomagalhaes.com.br\/wp-content\/uploads\/2018\/03\/carro.jpg\" width=\"640\" \/><\/a><\/div>\n<div style=\"background-color: white; box-sizing: border-box; line-height: 26px; margin-bottom: 26px; text-align: justify; word-wrap: break-word;\">\n<\/div>\n<div style=\"background-color: white; box-sizing: border-box; line-height: 26px; margin-bottom: 26px; text-align: justify; word-wrap: break-word;\">\nOs PMs Cabo Jorge Luis e os soldados G. Santos, Rocha e R. Gomes do 1\u00b0 BIEsp, recuperaram um ve\u00edculo na tarde desta quarta-feira (28), na Rua Recife que fica por tr\u00e1s da Funase de Caruaru.<\/div>\n<div style=\"background-color: white; box-sizing: border-box; line-height: 26px; margin-bottom: 26px; text-align: justify; word-wrap: break-word;\">\nSegundo a PM, os policiais estavam fazendo rondas nas proximidades da Funase de Caruaru, quando observaram dois homens em atitudes suspeita no interior de um Gol cinza de placa KJY-4117, de imediato, iniciaram uma abordagem na fizeram a consulta da placa e do chassi e as numera\u00e7\u00e3o n\u00e3o correspondiam, e em consulta mais detalhada verificaram que o carro era clonado e que tinha sido tomado de assalto na cidade de Taquaritinga do Norte.<\/div>\n<div class=\"td-g-rec td-g-rec-id-content_inlineleft \" style=\"background-color: white; box-sizing: border-box; float: left;\">\n<\/div>\n<div style=\"background-color: white; box-sizing: border-box; line-height: 26px; margin-bottom: 26px; text-align: justify; word-wrap: break-word;\">\nDiante dos fatos os indiv\u00edduos foram levados para a Delegacia de Plant\u00e3o, para ser tomadas as medidas cab\u00edveis.<\/div>\n","protected":false},"excerpt":{"rendered":"<p>Os PMs Cabo Jorge Luis e os soldados G. Santos, Rocha e R. Gomes do 1\u00b0 BIEsp, recuperaram um ve\u00edculo&hellip;<\/p>\n","protected":false},"author":1,"featured_media":0,"comment_status":"open","ping_status":"open","sticky":false,"template":"","format":"standard","meta":{"footnotes":""},"categories":[1],"tags":[2,3504,13],"class_list":["post-3127","post","type-post","status-publish","format-standard","hentry","category-sem-categoria","tag-blog-do-edvaldo-magalhaes","tag-pms-recuperam-carro-roubado-e-prendem-dois-homens-em-caruaru","tag-policial"],"_links":{"self":[{"href":"https:\/\/blogdoedvaldomagalhaes.com.br\/index.php\/wp-json\/wp\/v2\/posts\/3127","targetHints":{"allow":["GET"]}}],"collection":[{"href":"https:\/\/blogdoedvaldomagalhaes.com.br\/index.php\/wp-json\/wp\/v2\/posts"}],"about":[{"href":"https:\/\/blogdoedvaldomagalhaes.com.br\/index.php\/wp-json\/wp\/v2\/types\/post"}],"author":[{"embeddable":true,"href":"https:\/\/blogdoedvaldomagalhaes.com.br\/index.php\/wp-json\/wp\/v2\/users\/1"}],"replies":[{"embeddable":true,"href":"https:\/\/blogdoedvaldomagalhaes.com.br\/index.php\/wp-json\/wp\/v2\/comments?post=3127"}],"version-history":[{"count":1,"href":"https:\/\/blogdoedvaldomagalhaes.com.br\/index.php\/wp-json\/wp\/v2\/posts\/3127\/revisions"}],"predecessor-version":[{"id":28750,"href":"https:\/\/blogdoedvaldomagalhaes.com.br\/index.php\/wp-json\/wp\/v2\/posts\/3127\/revisions\/28750"}],"wp:attachment":[{"href":"https:\/\/blogdoedvaldomagalhaes.com.br\/index.php\/wp-json\/wp\/v2\/media?parent=3127"}],"wp:term":[{"taxonomy":"category","embeddable":true,"href":"https:\/\/blogdoedvaldomagalhaes.com.br\/index.php\/wp-json\/wp\/v2\/categories?post=3127"},{"taxonomy":"post_tag","embeddable":true,"href":"https:\/\/blogdoedvaldomagalhaes.com.br\/index.php\/wp-json\/wp\/v2\/tags?post=3127"}],"curies":[{"name":"wp","href":"https:\/\/api.w.org\/{rel}","templated":true}]}}