{"id":3125,"date":"2018-03-01T12:56:00","date_gmt":"2018-03-01T15:56:00","guid":{"rendered":"http:\/\/blogdoedvaldomagalhaes.com.br\/index.php\/2018\/03\/01\/comeca-periodo-de-entrega-da-declaracao\/"},"modified":"2019-02-09T02:04:16","modified_gmt":"2019-02-09T04:04:16","slug":"comeca-periodo-de-entrega-da-declaracao","status":"publish","type":"post","link":"https:\/\/blogdoedvaldomagalhaes.com.br\/index.php\/2018\/03\/01\/comeca-periodo-de-entrega-da-declaracao\/","title":{"rendered":"Come\u00e7a per\u00edodo de entrega da Declara\u00e7\u00e3o de Imposto de Renda Pessoa F\u00edsica"},"content":{"rendered":"<div class=\"separator\" style=\"clear: both; text-align: center;\">\n<a href=\"https:\/\/4.bp.blogspot.com\/-ubOElbWh8yg\/Wpf4Wb0xJII\/AAAAAAAArIw\/iGjfkKSjLacsnH2IRwafCsVrswuX7BjmACLcBGAs\/s1600\/marcelo.jpg\" imageanchor=\"1\" style=\"margin-left: 1em; margin-right: 1em;\"><img loading=\"lazy\" decoding=\"async\" border=\"0\" data-original-height=\"193\" data-original-width=\"300\" height=\"411\" src=\"http:\/\/blogdoedvaldomagalhaes.com.br\/wp-content\/uploads\/2018\/03\/marcelo.jpg\" width=\"640\" \/><\/a><\/div>\n<div class=\"separator\" style=\"clear: both; text-align: center;\">\nFoto: Marcelo Camargo\/Ag\u00eancia Brasil<\/div>\n<div style=\"background-color: white; box-sizing: border-box; line-height: 24px; margin-bottom: 10px; text-align: justify;\">\n<\/div>\n<div style=\"background-color: white; box-sizing: border-box; line-height: 24px; margin-bottom: 10px; text-align: justify;\">\nA Receita Federal iniciou, nesta quinta-feira (01), o per\u00edodo de entrega da Declara\u00e7\u00e3o de Imposto de Renda 2018, referente ao ano-base 2017. Com isso, os contribuintes j\u00e1 podem e devem iniciar o preenchimento desse material. O prazo vai at\u00e9 30 de abril.<\/div>\n<div style=\"background-color: white; box-sizing: border-box; line-height: 24px; margin-bottom: 10px; text-align: justify;\">\nEst\u00e1 obrigado a declarar quem recebeu entre janeiro e dezembro de 2017 rendimentos tribut\u00e1veis cuja soma foi superior a R$ 28.559,70 e, em rela\u00e7\u00e3o \u00e0 atividade rural, obteve receita bruta em valor superior a R$ 142.798,50.<\/div>\n<div style=\"background-color: white; box-sizing: border-box; line-height: 24px; margin-bottom: 10px; text-align: justify;\">\nVale lembrar que neste ano a Receita Federal quer mais informa\u00e7\u00f5es, tais como endere\u00e7o dos im\u00f3veis declarados, sua matr\u00edcula, IPTU, e data de aquisi\u00e7\u00e3o, por exemplo. Al\u00e9m disso, a partir deste ano, dependente ou alimentado a partir de 8 anos de idade s\u00f3 ser\u00e3o aceitos com a numera\u00e7\u00e3o do Cadastro de Pessoa F\u00edsica (CPF).<\/div>\n<div style=\"background-color: white; box-sizing: border-box; line-height: 24px; margin-bottom: 10px; text-align: justify;\">\nEste ano a Receita Federal espera receber 28 milh\u00f5es e 800 mil declara\u00e7\u00f5es, 300 mil a mais do que em 2017. Em Caruaru, devem ser entregues 33 mil declara\u00e7\u00f5es.<\/p>\n<p>Para fazer a sua declara\u00e7\u00e3o, procure a contadora Renata Ara\u00fajo &#8211; Consult &#8211; Escrit\u00f3rios de Contabilidade, na avenida Rui Barbosa 274, no bairro Maur\u00edcio de Nassau, ao lado do INSS. Contatos 3046-4345 ou 99412-2533 ou pelo e-mail: rconsultcontabil@gmail.com.<\/p>\n<div class=\"separator\" style=\"clear: both; text-align: center;\">\n<a href=\"https:\/\/4.bp.blogspot.com\/-Qrd9L3jG17w\/WpkpP-wyP7I\/AAAAAAAArOk\/lqxQo31CJaMkeUb1dt8Zlgio784qFa6JACEwYBhgL\/s1600\/renata.jpg\" imageanchor=\"1\" style=\"margin-left: 1em; margin-right: 1em;\"><img loading=\"lazy\" decoding=\"async\" border=\"0\" data-original-height=\"534\" data-original-width=\"960\" height=\"352\" src=\"http:\/\/blogdoedvaldomagalhaes.com.br\/wp-content\/uploads\/2018\/03\/renata.jpg\" width=\"640\" \/><\/a><\/div>\n<p><\/div>\n","protected":false},"excerpt":{"rendered":"<p>Foto: Marcelo Camargo\/Ag\u00eancia Brasil A Receita Federal iniciou, nesta quinta-feira (01), o per\u00edodo de entrega da Declara\u00e7\u00e3o de Imposto de&hellip;<\/p>\n","protected":false},"author":1,"featured_media":0,"comment_status":"open","ping_status":"open","sticky":false,"template":"","format":"standard","meta":{"footnotes":""},"categories":[1],"tags":[2,3502,6],"class_list":["post-3125","post","type-post","status-publish","format-standard","hentry","category-sem-categoria","tag-blog-do-edvaldo-magalhaes","tag-comeca-periodo-de-entrega-da-declaracao-de-imposto-de-renda-pessoa-fisica","tag-noticias"],"_links":{"self":[{"href":"https:\/\/blogdoedvaldomagalhaes.com.br\/index.php\/wp-json\/wp\/v2\/posts\/3125","targetHints":{"allow":["GET"]}}],"collection":[{"href":"https:\/\/blogdoedvaldomagalhaes.com.br\/index.php\/wp-json\/wp\/v2\/posts"}],"about":[{"href":"https:\/\/blogdoedvaldomagalhaes.com.br\/index.php\/wp-json\/wp\/v2\/types\/post"}],"author":[{"embeddable":true,"href":"https:\/\/blogdoedvaldomagalhaes.com.br\/index.php\/wp-json\/wp\/v2\/users\/1"}],"replies":[{"embeddable":true,"href":"https:\/\/blogdoedvaldomagalhaes.com.br\/index.php\/wp-json\/wp\/v2\/comments?post=3125"}],"version-history":[{"count":1,"href":"https:\/\/blogdoedvaldomagalhaes.com.br\/index.php\/wp-json\/wp\/v2\/posts\/3125\/revisions"}],"predecessor-version":[{"id":28755,"href":"https:\/\/blogdoedvaldomagalhaes.com.br\/index.php\/wp-json\/wp\/v2\/posts\/3125\/revisions\/28755"}],"wp:attachment":[{"href":"https:\/\/blogdoedvaldomagalhaes.com.br\/index.php\/wp-json\/wp\/v2\/media?parent=3125"}],"wp:term":[{"taxonomy":"category","embeddable":true,"href":"https:\/\/blogdoedvaldomagalhaes.com.br\/index.php\/wp-json\/wp\/v2\/categories?post=3125"},{"taxonomy":"post_tag","embeddable":true,"href":"https:\/\/blogdoedvaldomagalhaes.com.br\/index.php\/wp-json\/wp\/v2\/tags?post=3125"}],"curies":[{"name":"wp","href":"https:\/\/api.w.org\/{rel}","templated":true}]}}